{"id":55074,"date":"2024-09-16T11:05:34","date_gmt":"2024-09-16T14:05:34","guid":{"rendered":"https:\/\/infovera.com.ar\/web\/?p=55074"},"modified":"2024-09-16T18:55:05","modified_gmt":"2024-09-16T21:55:05","slug":"se-realizo-con-exito-el-taller-de-memoria-activa-de-la-fundacion-mr","status":"publish","type":"post","link":"https:\/\/infovera.com.ar\/web\/2024\/09\/16\/se-realizo-con-exito-el-taller-de-memoria-activa-de-la-fundacion-mr\/","title":{"rendered":"Se realiz\u00f3 con \u00e9xito el taller de Memoria Activa de la Fundaci\u00f3n MR"},"content":{"rendered":"<p>La Fundaci\u00f3n MR llev\u00f3 adelante el taller presencial de Memoria Activa, un espacio dise\u00f1ado especialmente, en la Sociedad Rural de Calchaqu\u00ed el pasado viernes.<\/p>\n<p>Totalmente gratuito, fue otro encuentro presencial cargado de emoci\u00f3n con este grupo de adultos mayores que estimula sus funciones cognitivas diariamente usando tecnolog\u00edas.<\/p>\n<p>&#8220;Hoy nos reencontramos aprendiendo, porque como siempre decimos: &#8216;La vida no es la que uno vivi\u00f3, sino lo que uno recuerda y c\u00f3mo la recuerda para contarla&#8217;\u201d, frase de G.G. M\u00e1rquez, pusieron de relieve desde la Fundaci\u00f3n MR.<\/p>\n<p><a href=\"https:\/\/infovera.com.ar\/web\/wp-content\/uploads\/2024\/09\/funda-2.png\"><img loading=\"lazy\" decoding=\"async\" class=\"alignleft size-full wp-image-55078\" src=\"https:\/\/infovera.com.ar\/web\/wp-content\/uploads\/2024\/09\/funda-2.png\" alt=\"\" width=\"1434\" height=\"790\" srcset=\"https:\/\/infovera.com.ar\/web\/wp-content\/uploads\/2024\/09\/funda-2.png 1434w, https:\/\/infovera.com.ar\/web\/wp-content\/uploads\/2024\/09\/funda-2-696x383.png 696w, https:\/\/infovera.com.ar\/web\/wp-content\/uploads\/2024\/09\/funda-2-1068x588.png 1068w, https:\/\/infovera.com.ar\/web\/wp-content\/uploads\/2024\/09\/funda-2-762x420.png 762w\" sizes=\"auto, (max-width: 1434px) 100vw, 1434px\" \/><\/a><\/p>\n<p><a href=\"https:\/\/infovera.com.ar\/web\/wp-content\/uploads\/2024\/09\/funda-1.png\"><img loading=\"lazy\" decoding=\"async\" class=\"alignleft size-full wp-image-55076\" src=\"https:\/\/infovera.com.ar\/web\/wp-content\/uploads\/2024\/09\/funda-1.png\" alt=\"\" width=\"1434\" height=\"899\" srcset=\"https:\/\/infovera.com.ar\/web\/wp-content\/uploads\/2024\/09\/funda-1.png 1434w, https:\/\/infovera.com.ar\/web\/wp-content\/uploads\/2024\/09\/funda-1-696x436.png 696w, https:\/\/infovera.com.ar\/web\/wp-content\/uploads\/2024\/09\/funda-1-1068x670.png 1068w, https:\/\/infovera.com.ar\/web\/wp-content\/uploads\/2024\/09\/funda-1-670x420.png 670w\" sizes=\"auto, (max-width: 1434px) 100vw, 1434px\" \/><\/a><\/p>\n","protected":false},"excerpt":{"rendered":"<p>La Fundaci\u00f3n MR llev\u00f3 adelante el taller presencial de Memoria Activa, un espacio dise\u00f1ado especialmente, en la Sociedad Rural de Calchaqu\u00ed el pasado viernes. Totalmente gratuito, fue otro encuentro presencial cargado de emoci\u00f3n con este grupo de adultos mayores que estimula sus funciones cognitivas diariamente usando tecnolog\u00edas. &#8220;Hoy nos reencontramos aprendiendo, porque como siempre decimos: [&hellip;]<\/p>\n","protected":false},"author":3,"featured_media":55075,"comment_status":"closed","ping_status":"closed","sticky":false,"template":"","format":"standard","meta":{"_joinchat":[],"footnotes":""},"categories":[52],"tags":[],"class_list":{"0":"post-55074","1":"post","2":"type-post","3":"status-publish","4":"format-standard","5":"has-post-thumbnail","7":"category-calchaqui"},"_links":{"self":[{"href":"https:\/\/infovera.com.ar\/web\/wp-json\/wp\/v2\/posts\/55074","targetHints":{"allow":["GET"]}}],"collection":[{"href":"https:\/\/infovera.com.ar\/web\/wp-json\/wp\/v2\/posts"}],"about":[{"href":"https:\/\/infovera.com.ar\/web\/wp-json\/wp\/v2\/types\/post"}],"author":[{"embeddable":true,"href":"https:\/\/infovera.com.ar\/web\/wp-json\/wp\/v2\/users\/3"}],"replies":[{"embeddable":true,"href":"https:\/\/infovera.com.ar\/web\/wp-json\/wp\/v2\/comments?post=55074"}],"version-history":[{"count":0,"href":"https:\/\/infovera.com.ar\/web\/wp-json\/wp\/v2\/posts\/55074\/revisions"}],"wp:featuredmedia":[{"embeddable":true,"href":"https:\/\/infovera.com.ar\/web\/wp-json\/wp\/v2\/media\/55075"}],"wp:attachment":[{"href":"https:\/\/infovera.com.ar\/web\/wp-json\/wp\/v2\/media?parent=55074"}],"wp:term":[{"taxonomy":"category","embeddable":true,"href":"https:\/\/infovera.com.ar\/web\/wp-json\/wp\/v2\/categories?post=55074"},{"taxonomy":"post_tag","embeddable":true,"href":"https:\/\/infovera.com.ar\/web\/wp-json\/wp\/v2\/tags?post=55074"}],"curies":[{"name":"wp","href":"https:\/\/api.w.org\/{rel}","templated":true}]}}