{"id":55048,"date":"2024-09-15T16:26:29","date_gmt":"2024-09-15T19:26:29","guid":{"rendered":"https:\/\/infovera.com.ar\/web\/?p=55048"},"modified":"2024-09-15T16:34:32","modified_gmt":"2024-09-15T19:34:32","slug":"nueva-oportunidad-mas-de-11-000-jovenes-participantes-en-tan-solo-cinco-meses","status":"publish","type":"post","link":"https:\/\/infovera.com.ar\/web\/2024\/09\/15\/nueva-oportunidad-mas-de-11-000-jovenes-participantes-en-tan-solo-cinco-meses\/","title":{"rendered":"Nueva Oportunidad: m\u00e1s de 11.000 j\u00f3venes participantes en tan solo cinco meses"},"content":{"rendered":"<p>\u201cEl Gobierno de la Provincia hace un esfuerzo enorme para que los j\u00f3venes tengan espacios que sean nuevas oportunidades\u201d, dijo el secretario de Pol\u00edticas de Inclusi\u00f3n, Ram\u00f3n Soques, durante una capacitaci\u00f3n de barber\u00eda en Rosario. En Santa Fe fueron becados 2.830 j\u00f3venes y en Rosario 8.432. Hay 401 instituciones involucradas y 858 lugares de encuentro disponibles.<\/p>\n<p>Un total de 11.262 j\u00f3venes de Santa Fe y Rosario participaron del programa \u201cNueva Oportunidad\u201d, impulsado por el Gobierno de la Provincia a trav\u00e9s del Ministerio de Igualdad y Desarrollo Humano, a tan solo cinco meses de su implementaci\u00f3n. Adem\u00e1s, 401 instituciones y 858 lugares de encuentro disponibles se sumaron a la iniciativa, que busca acompa\u00f1ar a personas en situaci\u00f3n de vulnerabilidad y brindarles nuevas perspectivas de vida.<\/p>\n<p>\u201cNueva Oportunidad\u201d est\u00e1 destinado a j\u00f3venes de entre 12 y 35 a\u00f1os que se encuentran en situaciones de vulnerabilidad, en contextos de violencia. Esta pol\u00edtica p\u00fablica, dise\u00f1ada desde un enfoque integral y territorial, no solo busca potenciar las habilidades de cada participante, sino tambi\u00e9n disminuir los niveles de violencia en los centros urbanos de la provincia.<\/p>\n<p>En ese marco, este jueves se realiz\u00f3 una Master Class gratuita de Barber\u00eda en Rosario a partir del aporte profesional de barberos del programa provincial, como as\u00ed tambi\u00e9n de reconocidos profesionales de la ciudad. La organizaci\u00f3n estuvo a cargo de la Direcci\u00f3n del programa Nueva Oportunidad del Ministerio de Igualdad y Desarrollo Humano.<\/p>\n<p>En las instalaciones del Complejo Astron\u00f3mico Municipal de Rosario, el secretario de Pol\u00edticas de Inclusi\u00f3n y Abordajes Sociales, Ram\u00f3n Soques, expres\u00f3: \u201cBuscamos que los chicos y chicas tengan posibilidades para el mercado laboral y esta es una actividad en ese sentido\u201d.<\/p>\n<p>Soques agreg\u00f3 que \u201cel Gobierno de la Provincia hace un esfuerzo enorme para pacificar Rosario. Eso se est\u00e1 logrando, pero en esos espacios pacificados tienen que ser lugares de convivencia y nosotros queremos que adem\u00e1s sean de oportunidades\u201d.<\/p>\n<p>Sobre la jornada denominada \u201cPrimavera en comunidad\u201d, Andrea Travaini, directora del programa Nueva Oportunidad coment\u00f3 que \u201cesto surgi\u00f3 de una visita de la ministra Victoria Tejeda, junto a dem\u00e1s funcionarios. All\u00ed se propuso hacer una clase abierta y el equipo del Nueva Oportunidad termin\u00f3 armando una masterclass enorme\u201d, para luego felicitar \u201ca todo el equipo del programa que se pone al hombro, no solo este evento, sino todo lo que hacemos, todos los d\u00edas est\u00e1n pensando qu\u00e9 podemos sumar para que el programa llegue de mejor manera a cada uno y una de ustedes\u201d.<\/p>\n<p>M\u00e1s de 11 mil j\u00f3venes becados<\/p>\n<p>Desde su lanzamiento en abril, el programa Nueva Oportunidad, a cargo de la Secretar\u00eda de Pol\u00edticas de Inclusi\u00f3n y Abordajes Sociales alcanz\u00f3 2.830 j\u00f3venes becados en la ciudad de Santa Fe, firmando 155 convenios institucionales, con un total de 260 talleres pedag\u00f3gicos. En tanto que en Rosario, 8.432 participantes se beneficiaron con el programa, gracias a acuerdos con 246 organizaciones no gubernamentales y con 598 espacios de aprendizaje abiertos para los j\u00f3venes.<\/p>\n<p>Cabe se\u00f1alar que los acompa\u00f1antes pedag\u00f3gicos son capacitados a trav\u00e9s de acuerdos con la Universidad Nacional de Rosario y la Universidad Nacional del Litoral, ofreciendo cursos gratuitos que buscan comprender a fondo la poblaci\u00f3n objetivo del programa y as\u00ed cumplir con sus objetivos clave.<\/p>\n<p>Adem\u00e1s, la estructura del programa se sostiene sobre tres ejes fundamentales como el incentivo econ\u00f3mico, los trayectos pedag\u00f3gicos y los espacios de &#8220;tercer tiempo&#8221;, donde se organizan actividades recreativas y culturales, todo esto gracias a la asistencia territorial y el acompa\u00f1amiento constante.<\/p>\n<p>Firma de convenios<\/p>\n<p>El programa contin\u00faa en crecimiento en toda la provincia, por lo que en los pr\u00f3ximos d\u00edas se llevar\u00e1 adelante la firma de convenios con al menos 35 municipios y comunas donde comenzar\u00e1 a aplicarse el Nueva Oportunidad. Esto permitir\u00e1 llegar a cientos de j\u00f3venes del interior provincial con distintos talleres y capacitaciones.<\/p>\n","protected":false},"excerpt":{"rendered":"<p>\u201cEl Gobierno de la Provincia hace un esfuerzo enorme para que los j\u00f3venes tengan espacios que sean nuevas oportunidades\u201d, dijo el secretario de Pol\u00edticas de Inclusi\u00f3n, Ram\u00f3n Soques, durante una capacitaci\u00f3n de barber\u00eda en Rosario. En Santa Fe fueron becados 2.830 j\u00f3venes y en Rosario 8.432. Hay 401 instituciones involucradas y 858 lugares de encuentro [&hellip;]<\/p>\n","protected":false},"author":3,"featured_media":55049,"comment_status":"closed","ping_status":"closed","sticky":false,"template":"","format":"standard","meta":{"_joinchat":[],"footnotes":""},"categories":[60],"tags":[],"class_list":{"0":"post-55048","1":"post","2":"type-post","3":"status-publish","4":"format-standard","5":"has-post-thumbnail","7":"category-provinciales"},"_links":{"self":[{"href":"https:\/\/infovera.com.ar\/web\/wp-json\/wp\/v2\/posts\/55048","targetHints":{"allow":["GET"]}}],"collection":[{"href":"https:\/\/infovera.com.ar\/web\/wp-json\/wp\/v2\/posts"}],"about":[{"href":"https:\/\/infovera.com.ar\/web\/wp-json\/wp\/v2\/types\/post"}],"author":[{"embeddable":true,"href":"https:\/\/infovera.com.ar\/web\/wp-json\/wp\/v2\/users\/3"}],"replies":[{"embeddable":true,"href":"https:\/\/infovera.com.ar\/web\/wp-json\/wp\/v2\/comments?post=55048"}],"version-history":[{"count":0,"href":"https:\/\/infovera.com.ar\/web\/wp-json\/wp\/v2\/posts\/55048\/revisions"}],"wp:featuredmedia":[{"embeddable":true,"href":"https:\/\/infovera.com.ar\/web\/wp-json\/wp\/v2\/media\/55049"}],"wp:attachment":[{"href":"https:\/\/infovera.com.ar\/web\/wp-json\/wp\/v2\/media?parent=55048"}],"wp:term":[{"taxonomy":"category","embeddable":true,"href":"https:\/\/infovera.com.ar\/web\/wp-json\/wp\/v2\/categories?post=55048"},{"taxonomy":"post_tag","embeddable":true,"href":"https:\/\/infovera.com.ar\/web\/wp-json\/wp\/v2\/tags?post=55048"}],"curies":[{"name":"wp","href":"https:\/\/api.w.org\/{rel}","templated":true}]}}