{"id":55042,"date":"2024-09-15T16:22:53","date_gmt":"2024-09-15T19:22:53","guid":{"rendered":"https:\/\/infovera.com.ar\/web\/?p=55042"},"modified":"2024-09-15T22:48:13","modified_gmt":"2024-09-16T01:48:13","slug":"los-pumas-conmemoraron-el-63o-aniversario-de-su-creacion","status":"publish","type":"post","link":"https:\/\/infovera.com.ar\/web\/2024\/09\/15\/los-pumas-conmemoraron-el-63o-aniversario-de-su-creacion\/","title":{"rendered":"Los Pumas conmemoraron el 63\u00ba aniversario de su creaci\u00f3n"},"content":{"rendered":"<p>Participaron de la ceremonia en conmemoraci\u00f3n al 63\u00b0 aniversario de la creaci\u00f3n de la Direcci\u00f3n General Seguridad Rural &#8220;Los Pumas&#8221; el ministro de Justicia y Seguridad provincial, Pablo Cococcioni, quien presidi\u00f3 el acto realizado en Santa Felicia.<\/p>\n<p>Junto funcionario estuvieron presentes autoridades provinciales, ministeriales, zonales y municipales, como as\u00ed tambi\u00e9n el el jefe de la DGSR director de Polic\u00eda Adri\u00e1n Roland, oficiales Jefes de la Plana Mayor y Mayor Especial de la Polic\u00eda, de diferentes direcciones generales y unidades regionales, personal policial subalterno e invitados especiales y p\u00fablico presente.<\/p>\n<p>Asistieron el director General de Polic\u00eda, Luis Maldonado, junto al subjefe de la fuerza policial santafesina, director General de Polic\u00eda Daniel Filchel, el senador Osvaldo Sosa, el diputado Dionisio Scarpin y la intendente Paula Mitre.<\/p>\n<p>Cabe destacar que en el transcurso de la ceremonia, las autoridades entregaron distintos presentes a los anfitriones agasajados, como as\u00ed tambi\u00e9n hicieron lo propio invitados especiales y representantes de instituciones locales.<\/p>\n<p>El director Rolland brind\u00f3 unas palabras de reconocimiento al ministro, como as\u00ed tambi\u00e9n destac\u00f3 al personal de la repartici\u00f3n a su cargo por la diaria actividad que desarrollan cotidianamente.<\/p>\n<p>De igual manera, Cococcioni expres\u00f3 su agradecimiento a los agentes de la homenajeada DGSR, y valor\u00f3 la diaria labor que realizan sus integrantes en pos de la seguridad contra delitos rurales y dem\u00e1s il\u00edcitos. Adem\u00e1s, valor\u00f3 y alent\u00f3 a los integrantes que conforman la repartici\u00f3n por sus tareas diarias y les agradeci\u00f3 por el compromiso y por todo lo que realizan d\u00eda tras d\u00eda, en todo el \u00e1mbito provincial donde est\u00e1n siempre presentes.<\/p>\n<p><a href=\"https:\/\/infovera.com.ar\/web\/wp-content\/uploads\/2024\/09\/pumas.jpg\"><img loading=\"lazy\" decoding=\"async\" class=\"alignleft size-full wp-image-55044\" src=\"https:\/\/infovera.com.ar\/web\/wp-content\/uploads\/2024\/09\/pumas.jpg\" alt=\"\" width=\"720\" height=\"720\" srcset=\"https:\/\/infovera.com.ar\/web\/wp-content\/uploads\/2024\/09\/pumas.jpg 720w, https:\/\/infovera.com.ar\/web\/wp-content\/uploads\/2024\/09\/pumas-696x696.jpg 696w, https:\/\/infovera.com.ar\/web\/wp-content\/uploads\/2024\/09\/pumas-420x420.jpg 420w\" sizes=\"auto, (max-width: 720px) 100vw, 720px\" \/><\/a><\/p>\n","protected":false},"excerpt":{"rendered":"<p>Participaron de la ceremonia en conmemoraci\u00f3n al 63\u00b0 aniversario de la creaci\u00f3n de la Direcci\u00f3n General Seguridad Rural &#8220;Los Pumas&#8221; el ministro de Justicia y Seguridad provincial, Pablo Cococcioni, quien presidi\u00f3 el acto realizado en Santa Felicia. Junto funcionario estuvieron presentes autoridades provinciales, ministeriales, zonales y municipales, como as\u00ed tambi\u00e9n el el jefe de la [&hellip;]<\/p>\n","protected":false},"author":3,"featured_media":55043,"comment_status":"closed","ping_status":"closed","sticky":false,"template":"","format":"standard","meta":{"_joinchat":[],"footnotes":""},"categories":[53],"tags":[],"class_list":{"0":"post-55042","1":"post","2":"type-post","3":"status-publish","4":"format-standard","5":"has-post-thumbnail","7":"category-vera"},"_links":{"self":[{"href":"https:\/\/infovera.com.ar\/web\/wp-json\/wp\/v2\/posts\/55042","targetHints":{"allow":["GET"]}}],"collection":[{"href":"https:\/\/infovera.com.ar\/web\/wp-json\/wp\/v2\/posts"}],"about":[{"href":"https:\/\/infovera.com.ar\/web\/wp-json\/wp\/v2\/types\/post"}],"author":[{"embeddable":true,"href":"https:\/\/infovera.com.ar\/web\/wp-json\/wp\/v2\/users\/3"}],"replies":[{"embeddable":true,"href":"https:\/\/infovera.com.ar\/web\/wp-json\/wp\/v2\/comments?post=55042"}],"version-history":[{"count":0,"href":"https:\/\/infovera.com.ar\/web\/wp-json\/wp\/v2\/posts\/55042\/revisions"}],"wp:featuredmedia":[{"embeddable":true,"href":"https:\/\/infovera.com.ar\/web\/wp-json\/wp\/v2\/media\/55043"}],"wp:attachment":[{"href":"https:\/\/infovera.com.ar\/web\/wp-json\/wp\/v2\/media?parent=55042"}],"wp:term":[{"taxonomy":"category","embeddable":true,"href":"https:\/\/infovera.com.ar\/web\/wp-json\/wp\/v2\/categories?post=55042"},{"taxonomy":"post_tag","embeddable":true,"href":"https:\/\/infovera.com.ar\/web\/wp-json\/wp\/v2\/tags?post=55042"}],"curies":[{"name":"wp","href":"https:\/\/api.w.org\/{rel}","templated":true}]}}