{"id":55029,"date":"2024-09-14T13:59:59","date_gmt":"2024-09-14T16:59:59","guid":{"rendered":"https:\/\/infovera.com.ar\/web\/?p=55029"},"modified":"2024-09-14T13:59:59","modified_gmt":"2024-09-14T16:59:59","slug":"ascenso-de-las-temperaturas-con-tormentas-para-la-primera-parte-de-semana","status":"publish","type":"post","link":"https:\/\/infovera.com.ar\/web\/2024\/09\/14\/ascenso-de-las-temperaturas-con-tormentas-para-la-primera-parte-de-semana\/","title":{"rendered":"Ascenso de las temperaturas con tormentas para la primera parte de semana"},"content":{"rendered":"<p>Hasta el mi\u00e9rcoles con calor, luego aire fr\u00edo generando inestabilidad en la regi\u00f3n.<\/p>\n<p>\u00bfCu\u00e1ndo llueve?<\/p>\n<p>\u25cf Actualmente nos encontramos con estabilidad sobre la zona, y una masa de aire c\u00e1lido va a comenzar a generar un ascenso de los valores t\u00e9rmicos.<\/p>\n<p>\u300bSe espera que las m\u00e1ximas mi\u00e9rcoles\/jueves ronden los 27\/29\u00b0C, donde el centro y norte provincial sean superados.<\/p>\n<p>\u25c7 El jueves, la llegada de un frente fr\u00edo, comenzar\u00e1 a interactuar con la masa c\u00e1lida, generando probables tormentas, donde algunas pueden llegar a ser moderadas\/fuertes.<\/p>\n<p>\u00a4 Las condiciones tienden a mejorar el viernes.<\/p>\n<p>Fuente: CMMC<\/p>\n","protected":false},"excerpt":{"rendered":"<p>Hasta el mi\u00e9rcoles con calor, luego aire fr\u00edo generando inestabilidad en la regi\u00f3n. \u00bfCu\u00e1ndo llueve? \u25cf Actualmente nos encontramos con estabilidad sobre la zona, y una masa de aire c\u00e1lido va a comenzar a generar un ascenso de los valores t\u00e9rmicos. \u300bSe espera que las m\u00e1ximas mi\u00e9rcoles\/jueves ronden los 27\/29\u00b0C, donde el centro y norte [&hellip;]<\/p>\n","protected":false},"author":3,"featured_media":55030,"comment_status":"closed","ping_status":"closed","sticky":false,"template":"","format":"standard","meta":{"_joinchat":[],"footnotes":""},"categories":[51],"tags":[],"class_list":{"0":"post-55029","1":"post","2":"type-post","3":"status-publish","4":"format-standard","5":"has-post-thumbnail","7":"category-locales"},"_links":{"self":[{"href":"https:\/\/infovera.com.ar\/web\/wp-json\/wp\/v2\/posts\/55029","targetHints":{"allow":["GET"]}}],"collection":[{"href":"https:\/\/infovera.com.ar\/web\/wp-json\/wp\/v2\/posts"}],"about":[{"href":"https:\/\/infovera.com.ar\/web\/wp-json\/wp\/v2\/types\/post"}],"author":[{"embeddable":true,"href":"https:\/\/infovera.com.ar\/web\/wp-json\/wp\/v2\/users\/3"}],"replies":[{"embeddable":true,"href":"https:\/\/infovera.com.ar\/web\/wp-json\/wp\/v2\/comments?post=55029"}],"version-history":[{"count":0,"href":"https:\/\/infovera.com.ar\/web\/wp-json\/wp\/v2\/posts\/55029\/revisions"}],"wp:featuredmedia":[{"embeddable":true,"href":"https:\/\/infovera.com.ar\/web\/wp-json\/wp\/v2\/media\/55030"}],"wp:attachment":[{"href":"https:\/\/infovera.com.ar\/web\/wp-json\/wp\/v2\/media?parent=55029"}],"wp:term":[{"taxonomy":"category","embeddable":true,"href":"https:\/\/infovera.com.ar\/web\/wp-json\/wp\/v2\/categories?post=55029"},{"taxonomy":"post_tag","embeddable":true,"href":"https:\/\/infovera.com.ar\/web\/wp-json\/wp\/v2\/tags?post=55029"}],"curies":[{"name":"wp","href":"https:\/\/api.w.org\/{rel}","templated":true}]}}