{"id":54913,"date":"2024-09-10T13:57:08","date_gmt":"2024-09-10T16:57:08","guid":{"rendered":"https:\/\/infovera.com.ar\/web\/?p=54913"},"modified":"2024-09-10T13:57:08","modified_gmt":"2024-09-10T16:57:08","slug":"vendo-tu-auto-detuvieron-a-un-hombre-con-pedido-de-captura-internacional","status":"publish","type":"post","link":"https:\/\/infovera.com.ar\/web\/2024\/09\/10\/vendo-tu-auto-detuvieron-a-un-hombre-con-pedido-de-captura-internacional\/","title":{"rendered":"&#8220;Vendo tu auto&#8221;: detuvieron a un hombre con pedido de captura internacional"},"content":{"rendered":"<p>El detenido ten\u00eda pedido activo, nacional e internacional, por una causa iniciada en el a\u00f1o 2022, en la que interviene la fiscal Mar\u00eda Gabriela Arri.<\/p>\n<p>La Polic\u00eda de Investigaciones logr\u00f3 esta ma\u00f1ana la captura de un hombre identificado como A.L.G., en el marco de la causa de asociaci\u00f3n il\u00edcita &#8220;Vendo Tu Auto&#8221;, de la que fueron v\u00edctimas m\u00e1s de 50 personas.<\/p>\n<p>Este martes el detenido se present\u00f3 en la sede de PDI, acompa\u00f1ado de sus abogados defensores, donde por disposici\u00f3n de la fiscal Arri se lo notific\u00f3 por los delitos de Asociaci\u00f3n Il\u00edcita en car\u00e1cter de jefe y Estafas reiteradas por abuso de confianza.<\/p>\n<p>A. L. G. qued\u00f3 alojado en la Comisar\u00eda 7\u00ba, a disposici\u00f3n de la justicia competente.<\/p>\n","protected":false},"excerpt":{"rendered":"<p>El detenido ten\u00eda pedido activo, nacional e internacional, por una causa iniciada en el a\u00f1o 2022, en la que interviene la fiscal Mar\u00eda Gabriela Arri. La Polic\u00eda de Investigaciones logr\u00f3 esta ma\u00f1ana la captura de un hombre identificado como A.L.G., en el marco de la causa de asociaci\u00f3n il\u00edcita &#8220;Vendo Tu Auto&#8221;, de la que [&hellip;]<\/p>\n","protected":false},"author":3,"featured_media":54914,"comment_status":"closed","ping_status":"closed","sticky":false,"template":"","format":"standard","meta":{"_joinchat":[],"footnotes":""},"categories":[30,60],"tags":[],"class_list":{"0":"post-54913","1":"post","2":"type-post","3":"status-publish","4":"format-standard","5":"has-post-thumbnail","7":"category-policiales","8":"category-provinciales"},"_links":{"self":[{"href":"https:\/\/infovera.com.ar\/web\/wp-json\/wp\/v2\/posts\/54913","targetHints":{"allow":["GET"]}}],"collection":[{"href":"https:\/\/infovera.com.ar\/web\/wp-json\/wp\/v2\/posts"}],"about":[{"href":"https:\/\/infovera.com.ar\/web\/wp-json\/wp\/v2\/types\/post"}],"author":[{"embeddable":true,"href":"https:\/\/infovera.com.ar\/web\/wp-json\/wp\/v2\/users\/3"}],"replies":[{"embeddable":true,"href":"https:\/\/infovera.com.ar\/web\/wp-json\/wp\/v2\/comments?post=54913"}],"version-history":[{"count":0,"href":"https:\/\/infovera.com.ar\/web\/wp-json\/wp\/v2\/posts\/54913\/revisions"}],"wp:featuredmedia":[{"embeddable":true,"href":"https:\/\/infovera.com.ar\/web\/wp-json\/wp\/v2\/media\/54914"}],"wp:attachment":[{"href":"https:\/\/infovera.com.ar\/web\/wp-json\/wp\/v2\/media?parent=54913"}],"wp:term":[{"taxonomy":"category","embeddable":true,"href":"https:\/\/infovera.com.ar\/web\/wp-json\/wp\/v2\/categories?post=54913"},{"taxonomy":"post_tag","embeddable":true,"href":"https:\/\/infovera.com.ar\/web\/wp-json\/wp\/v2\/tags?post=54913"}],"curies":[{"name":"wp","href":"https:\/\/api.w.org\/{rel}","templated":true}]}}