{"id":54846,"date":"2024-09-07T21:19:06","date_gmt":"2024-09-08T00:19:06","guid":{"rendered":"https:\/\/infovera.com.ar\/web\/?p=54846"},"modified":"2024-09-07T21:19:06","modified_gmt":"2024-09-08T00:19:06","slug":"se-recupera-del-accidente-vial-que-sufrio-la-titular-del-gremio-municipal-de-reconquista","status":"publish","type":"post","link":"https:\/\/infovera.com.ar\/web\/2024\/09\/07\/se-recupera-del-accidente-vial-que-sufrio-la-titular-del-gremio-municipal-de-reconquista\/","title":{"rendered":"Se recupera del accidente vial que sufri\u00f3 la titular del gremio municipal de Reconquista"},"content":{"rendered":"<p>En la tarde del viernes, la secretaria adjunta de Festram, Andrea Paz, sufri\u00f3 un siniestro vial cuando viajaba por la Ruta 1 a la altura del paraje rural Los Algarrobos, equidistante entre Saladero Cabal y Helvecia.<\/p>\n<p>A las 17:35, cuando regresaba de la movilizaci\u00f3n en la Legislatura en rechazo a la reforma previsional, la dirigente gremial que lidera el Sindicato de Trabajadores Municipales de Reconquista volc\u00f3 con un Toyota Yaris.<\/p>\n<p>A ra\u00edz del siniestro fue trasladada al Hospital Cullen de Santa Fe para realizar una evaluaci\u00f3n completa de golpes y una fractura en la mu\u00f1eca que requiri\u00f3 intervenci\u00f3n quir\u00fargica.<\/p>\n<p>Fuentes gremiales informaron que el estado de salud es bueno y se esperaba que en la ma\u00f1ana del s\u00e1bado 7 tuviera el alta m\u00e9dica.<\/p>\n","protected":false},"excerpt":{"rendered":"<p>En la tarde del viernes, la secretaria adjunta de Festram, Andrea Paz, sufri\u00f3 un siniestro vial cuando viajaba por la Ruta 1 a la altura del paraje rural Los Algarrobos, equidistante entre Saladero Cabal y Helvecia. A las 17:35, cuando regresaba de la movilizaci\u00f3n en la Legislatura en rechazo a la reforma previsional, la dirigente [&hellip;]<\/p>\n","protected":false},"author":3,"featured_media":54847,"comment_status":"closed","ping_status":"closed","sticky":false,"template":"","format":"standard","meta":{"_joinchat":[],"footnotes":""},"categories":[55,61],"tags":[],"class_list":{"0":"post-54846","1":"post","2":"type-post","3":"status-publish","4":"format-standard","5":"has-post-thumbnail","7":"category-reconquista","8":"category-regionales"},"_links":{"self":[{"href":"https:\/\/infovera.com.ar\/web\/wp-json\/wp\/v2\/posts\/54846","targetHints":{"allow":["GET"]}}],"collection":[{"href":"https:\/\/infovera.com.ar\/web\/wp-json\/wp\/v2\/posts"}],"about":[{"href":"https:\/\/infovera.com.ar\/web\/wp-json\/wp\/v2\/types\/post"}],"author":[{"embeddable":true,"href":"https:\/\/infovera.com.ar\/web\/wp-json\/wp\/v2\/users\/3"}],"replies":[{"embeddable":true,"href":"https:\/\/infovera.com.ar\/web\/wp-json\/wp\/v2\/comments?post=54846"}],"version-history":[{"count":0,"href":"https:\/\/infovera.com.ar\/web\/wp-json\/wp\/v2\/posts\/54846\/revisions"}],"wp:featuredmedia":[{"embeddable":true,"href":"https:\/\/infovera.com.ar\/web\/wp-json\/wp\/v2\/media\/54847"}],"wp:attachment":[{"href":"https:\/\/infovera.com.ar\/web\/wp-json\/wp\/v2\/media?parent=54846"}],"wp:term":[{"taxonomy":"category","embeddable":true,"href":"https:\/\/infovera.com.ar\/web\/wp-json\/wp\/v2\/categories?post=54846"},{"taxonomy":"post_tag","embeddable":true,"href":"https:\/\/infovera.com.ar\/web\/wp-json\/wp\/v2\/tags?post=54846"}],"curies":[{"name":"wp","href":"https:\/\/api.w.org\/{rel}","templated":true}]}}