{"id":54834,"date":"2024-09-07T00:32:05","date_gmt":"2024-09-07T03:32:05","guid":{"rendered":"https:\/\/infovera.com.ar\/web\/?p=54834"},"modified":"2024-09-07T21:27:18","modified_gmt":"2024-09-08T00:27:18","slug":"se-desarrollo-una-nueva-edicion-del-congreso-de-educacion-del-dpto-vera","status":"publish","type":"post","link":"https:\/\/infovera.com.ar\/web\/2024\/09\/07\/se-desarrollo-una-nueva-edicion-del-congreso-de-educacion-del-dpto-vera\/","title":{"rendered":"Se desarroll\u00f3 una nueva edici\u00f3n del Congreso de Educaci\u00f3n del Dpto. Vera"},"content":{"rendered":"<p>Organizado por el Colegio Superior N\u00ba 42 \u201cDr. Agust\u00edn Luis Rossi\u201d bajo la consigna \u201cEducaci\u00f3n y anarcocapitalismo: encrucijadas, urgencias y esperanzas\u201d tuvo un gran concurrencia con m\u00e1s de 600 participantes, entre los que hab\u00eda docentes de todos los niveles, estudiantes del nivel superior y profesionales, interesados en la tem\u00e1tica motivados, no solamente por las calidad de los expositores sino tambi\u00e9n por la din\u00e1mica de los talleres desarrollados en la tarde.<\/p>\n<p>La intenci\u00f3n fue \u201cgenerar un espacio de di\u00e1logo, de respeto mutuo entre docentes, t\u00e9cnicos, investigadores, pedagogos y expertos cientistas del campo de la educaci\u00f3n con fines pedag\u00f3gicos y rigor acad\u00e9mico\u201d, dijeron desde la organizaci\u00f3n..<\/p>\n<p>El acto de apertura cont\u00f3 con la presencia del senador Osvaldo Sosa, la intendente Paula Mitre, la delegada seccional de Amsafe Vera, Nelcy Suligoy, entre otros invitados.<\/p>\n<p>En sus palabras de bienvenida el rector Walter Pigh\u00edn\u00a0 dijo que \u201cel evento aspira a promocionar la formaci\u00f3n de \u00e1mbitos que favorezcan el di\u00e1logo profesional y estimulen el intercambio entre los actores que participan de ese proceso, como presupuesto necesario para el perfeccionamiento de la actuaci\u00f3n profesional en el \u00e1mbito docente\u201d, \u00a0por lo que expres\u00f3 su deseo de \u00a0que \u201ctodos puedan aprovechar esta nueva oportunidad.<\/p>\n<p>Tambi\u00e9n el senador Osvaldo Sosa se dirigi\u00f3 a los presentes para hacer un poco de historia desde aquel primer congreso en 2018 en medio de la incertidumbre, hasta que lleg\u00f3 la pandemia \u201cque diezm\u00f3 muchas cosas menos nuestra capacidad de pensar\u201d.<\/p>\n<p>\u201cHoy llegamos al 5to. Congreso, con un horizonte abierto y profundo porque la educaci\u00f3n ha cambiado y la esperanza est\u00e1 en mucho de ustedes, los j\u00f3venes que ser\u00e1n promotores de ese cambio\u201d, agreg\u00f3.<\/p>\n<p>Previo al inicio de las exposiciones el artista pl\u00e1stico Leonel Alcar\u00e1z descubri\u00f3 un mural m\u00f3vil alusivo a los 40 a\u00f1os de Democracia que, representando a la Cooperadora del establecimiento, resultara ganador de un concurso y estar\u00e1 a disposici\u00f3n de todas las instituciones.<\/p>\n<p>La grilla de disertantes incluy\u00f3 a Alicia Caporossi, Doctora en Humanidades y Artes con Menci\u00f3n en Ciencias de la Educaci\u00f3n (UNR);\u00a0Rodrigo Alonso (AMSAFE),\u00a0Alberto Cimadamore (UBA &#8211; CONICET), Edith Benedetti (UNSAM, Fundaci\u00f3n S.E.D.H.A.) \u201cColectivo Colibr\u00ed\u201d, Gustavo Brufman (UNR &#8211; CTAA) y el aporte de Eddie Iv\u00e1n Torres Leal.<\/p>\n<p>A su turno, el secretario general de AMSAFE, Rodrigo Alonso recorri\u00f3 \u00a0las problem\u00e1ticas que atraviesan a la Educaci\u00f3n P\u00fablica de nuestro pa\u00eds y como se ven afectados los derechos de los trabajadores de la educaci\u00f3n, tanto a nivel nacional como provincial a causa de la aplicaci\u00f3n de pol\u00edticas de ajuste, reformas previsionales y pr\u00e1cticas extorsivas por parte de las autoridades gubernamentales.<\/p>\n<p>Adem\u00e1s, aprovech\u00f3 la presencia del senador Osvaldo Sosa para reconocerle su postura en contra de la reforma previsional, votada durante la jornada anterior en la Legislatura.<\/p>\n<p>Finalmente, destac\u00f3 la necesidad de \u201cmantener en alto y con firmeza las banderas que identifican la historia de la organizaci\u00f3n docente y sostener la unidad de los trabajadores para resistir y rechazar los avances e intentos privatizadores sobre la educaci\u00f3n p\u00fablica argentina\u201d.<\/p>\n<p>El Colegio Superior N\u00ba 42 \u201cDr. Agust\u00edn Luis Rossi\u201d es un instituto p\u00fablico de gesti\u00f3n estatal del departamento Vera que sostiene una oferta gratuita de formaci\u00f3n docente y t\u00e9cnico profesional.<\/p>\n<p>El Equipo de Capacitaci\u00f3n de esta casa de\u00a0estudio, considera de suma importancia -adem\u00e1s de la funci\u00f3n de formaci\u00f3n e investigaci\u00f3n que les son propias- la necesidad de generar espacios de capacitaci\u00f3n abiertos, libres y gratuitos para todos los actores sociales que intervienen en la concreci\u00f3n de las pol\u00edticas p\u00fablicas, especialmente las educativas.<\/p>\n<p>El evento cont\u00f3 con el auspicio del senador Osvaldo Sosa y la participaci\u00f3n de Mutual Maestra, Amsafe Delegaci\u00f3n Vera, CTA Santa Fe y La Quinta.<\/p>\n<p><a href=\"https:\/\/infovera.com.ar\/web\/wp-content\/uploads\/2024\/09\/Screenshot_20240907_002956_Gmail.jpg\"><img loading=\"lazy\" decoding=\"async\" class=\"alignleft size-full wp-image-54836\" src=\"https:\/\/infovera.com.ar\/web\/wp-content\/uploads\/2024\/09\/Screenshot_20240907_002956_Gmail.jpg\" alt=\"\" width=\"1600\" height=\"720\" srcset=\"https:\/\/infovera.com.ar\/web\/wp-content\/uploads\/2024\/09\/Screenshot_20240907_002956_Gmail.jpg 1600w, https:\/\/infovera.com.ar\/web\/wp-content\/uploads\/2024\/09\/Screenshot_20240907_002956_Gmail-696x313.jpg 696w, https:\/\/infovera.com.ar\/web\/wp-content\/uploads\/2024\/09\/Screenshot_20240907_002956_Gmail-1068x481.jpg 1068w, https:\/\/infovera.com.ar\/web\/wp-content\/uploads\/2024\/09\/Screenshot_20240907_002956_Gmail-933x420.jpg 933w\" sizes=\"auto, (max-width: 1600px) 100vw, 1600px\" \/><\/a><\/p>\n","protected":false},"excerpt":{"rendered":"<p>Organizado por el Colegio Superior N\u00ba 42 \u201cDr. Agust\u00edn Luis Rossi\u201d bajo la consigna \u201cEducaci\u00f3n y anarcocapitalismo: encrucijadas, urgencias y esperanzas\u201d tuvo un gran concurrencia con m\u00e1s de 600 participantes, entre los que hab\u00eda docentes de todos los niveles, estudiantes del nivel superior y profesionales, interesados en la tem\u00e1tica motivados, no solamente por las calidad [&hellip;]<\/p>\n","protected":false},"author":3,"featured_media":54835,"comment_status":"closed","ping_status":"closed","sticky":false,"template":"","format":"standard","meta":{"_joinchat":[],"footnotes":""},"categories":[53],"tags":[],"class_list":{"0":"post-54834","1":"post","2":"type-post","3":"status-publish","4":"format-standard","5":"has-post-thumbnail","7":"category-vera"},"_links":{"self":[{"href":"https:\/\/infovera.com.ar\/web\/wp-json\/wp\/v2\/posts\/54834","targetHints":{"allow":["GET"]}}],"collection":[{"href":"https:\/\/infovera.com.ar\/web\/wp-json\/wp\/v2\/posts"}],"about":[{"href":"https:\/\/infovera.com.ar\/web\/wp-json\/wp\/v2\/types\/post"}],"author":[{"embeddable":true,"href":"https:\/\/infovera.com.ar\/web\/wp-json\/wp\/v2\/users\/3"}],"replies":[{"embeddable":true,"href":"https:\/\/infovera.com.ar\/web\/wp-json\/wp\/v2\/comments?post=54834"}],"version-history":[{"count":0,"href":"https:\/\/infovera.com.ar\/web\/wp-json\/wp\/v2\/posts\/54834\/revisions"}],"wp:featuredmedia":[{"embeddable":true,"href":"https:\/\/infovera.com.ar\/web\/wp-json\/wp\/v2\/media\/54835"}],"wp:attachment":[{"href":"https:\/\/infovera.com.ar\/web\/wp-json\/wp\/v2\/media?parent=54834"}],"wp:term":[{"taxonomy":"category","embeddable":true,"href":"https:\/\/infovera.com.ar\/web\/wp-json\/wp\/v2\/categories?post=54834"},{"taxonomy":"post_tag","embeddable":true,"href":"https:\/\/infovera.com.ar\/web\/wp-json\/wp\/v2\/tags?post=54834"}],"curies":[{"name":"wp","href":"https:\/\/api.w.org\/{rel}","templated":true}]}}