{"id":54806,"date":"2024-09-06T00:16:27","date_gmt":"2024-09-06T03:16:27","guid":{"rendered":"https:\/\/infovera.com.ar\/web\/?p=54806"},"modified":"2024-09-06T16:29:42","modified_gmt":"2024-09-06T19:29:42","slug":"comenzo-la-expo-rural-de-vera","status":"publish","type":"post","link":"https:\/\/infovera.com.ar\/web\/2024\/09\/06\/comenzo-la-expo-rural-de-vera\/","title":{"rendered":"Comenz\u00f3 la Expo Rural de Vera"},"content":{"rendered":"<p>El acto de apertura cont\u00f3 con la presencia del secretario de Agricultura y Ganader\u00eda, Ignacio M\u00e1ntaras, acompa\u00f1ado por funcionarios del \u00e1rea, la intendente Paula MItre, el presidente del Centro Comercial e Industrial de Vera, Alfredo Buffi; delegaciones de establecimientos educativos de la ruralidad y productores de la zona.<\/p>\n<p>El presidente de la SRV, CVarlos Perone, fue el encargado de darles la bienvenida y augurar una provechosa jornada.<\/p>\n<p>Por su parte el secretario Ignacio M\u00e1ntaras se mostr\u00f3 complacido por la invitaci\u00f3n y aprovech\u00f3 la oportunidad para marcar algunos lineamientos del gobierno provincial en el aspecto productivo.<\/p>\n<p>Hizo especial hincapi\u00e9 en reconocer las caracter\u00edsticas especiales del departamento Vera, cuya base de desarrollo est\u00e1 fijada en \u201cla conservaci\u00f3n del suelo, el manejo del agua y en la explotaci\u00f3n forestal restringida por la aplicaci\u00f3n de una Ley de Bosques que debe ser reformulada especialmente para esta zona\u201d, reconoci\u00f3.<\/p>\n<p>Seguidamente, el m\u00e9dico veterinario Gustavo D\u2019Ascanio, de la Universidad Cat\u00f3lica de Santa Fe, Sede Reconquista, explic\u00f3 la mec\u00e1nica de la jornada con la implementaci\u00f3n de \u201cGu\u00edas t\u00e9cnicas\u201d que ser\u00e1n evaluadas con puntajes para la obtenci\u00f3n de interesantes premios, tanto para los alumnos como para los establecimientos participantes, como una manera de estimular el aprendizaje de los j\u00f3venes en temas espec\u00edficos de la carrera que han emprendido a trav\u00e9s de la educaci\u00f3n.<\/p>\n<p>La actividad continu\u00f3 con las charlas de capacitaci\u00f3n programadas para este evento que est\u00e1 organizado por la SRV y cuenta con el auspicio del gobierno de la Provincia de Santa Fe, el senador Osvaldo Sosa, Laboratorio Biog\u00e9nesis Bag\u00f3, la valiosa colaboraci\u00f3n de la Universidad Cat\u00f3lica de Santa Fe, sede Reconquista y fue declarado de inter\u00e9s por la C\u00e1mara de Senadores de la provincia de Santa Fe.<\/p>\n<p>Ma\u00f1ana viernes el programa se traslada a Las Gamas para, con una tem\u00e1tica m\u00e1s din\u00e1mica, abordar temas como Recr\u00eda en pastizal natural y suplementaci\u00f3n ACR; Sistema de recr\u00eda a campo y ser\u00e1 la Evaluaci\u00f3n de gu\u00edas t\u00e9cnicas, con la entrega de premios.<\/p>\n<p>Para el d\u00eda s\u00e1bado 7 est\u00e1 prevista la Jura por la Asociaci\u00f3n de Angus, Brahman, Brangus\u00a0 y Braford; por la noche ser\u00e1 la cena de premiaci\u00f3n y habr\u00e1 una gran pe\u00f1a con artistas locales.<\/p>\n<p>El domingo 8 a las 10 desfile de las agrupaciones tradicionalistas por las calles de la ciudad hasta llegar al predio, donde habr\u00e1 pruebas de riendas, el acto oficial ser\u00e1 al mediod\u00eda y por la tarde est\u00e1 previsto el cl\u00e1sico desfile de mascotas, para culminar con una gran bailanta popular.<\/p>\n<p>El lunes 9, a las 14, se cierra la muestra con el remate de reproductores por la firma Ganaderos de Ceres Coop. Ltda.<\/p>\n","protected":false},"excerpt":{"rendered":"<p>El acto de apertura cont\u00f3 con la presencia del secretario de Agricultura y Ganader\u00eda, Ignacio M\u00e1ntaras, acompa\u00f1ado por funcionarios del \u00e1rea, la intendente Paula MItre, el presidente del Centro Comercial e Industrial de Vera, Alfredo Buffi; delegaciones de establecimientos educativos de la ruralidad y productores de la zona. El presidente de la SRV, CVarlos Perone, [&hellip;]<\/p>\n","protected":false},"author":3,"featured_media":54807,"comment_status":"closed","ping_status":"closed","sticky":false,"template":"","format":"standard","meta":{"_joinchat":[],"footnotes":""},"categories":[53],"tags":[],"class_list":{"0":"post-54806","1":"post","2":"type-post","3":"status-publish","4":"format-standard","5":"has-post-thumbnail","7":"category-vera"},"_links":{"self":[{"href":"https:\/\/infovera.com.ar\/web\/wp-json\/wp\/v2\/posts\/54806","targetHints":{"allow":["GET"]}}],"collection":[{"href":"https:\/\/infovera.com.ar\/web\/wp-json\/wp\/v2\/posts"}],"about":[{"href":"https:\/\/infovera.com.ar\/web\/wp-json\/wp\/v2\/types\/post"}],"author":[{"embeddable":true,"href":"https:\/\/infovera.com.ar\/web\/wp-json\/wp\/v2\/users\/3"}],"replies":[{"embeddable":true,"href":"https:\/\/infovera.com.ar\/web\/wp-json\/wp\/v2\/comments?post=54806"}],"version-history":[{"count":0,"href":"https:\/\/infovera.com.ar\/web\/wp-json\/wp\/v2\/posts\/54806\/revisions"}],"wp:featuredmedia":[{"embeddable":true,"href":"https:\/\/infovera.com.ar\/web\/wp-json\/wp\/v2\/media\/54807"}],"wp:attachment":[{"href":"https:\/\/infovera.com.ar\/web\/wp-json\/wp\/v2\/media?parent=54806"}],"wp:term":[{"taxonomy":"category","embeddable":true,"href":"https:\/\/infovera.com.ar\/web\/wp-json\/wp\/v2\/categories?post=54806"},{"taxonomy":"post_tag","embeddable":true,"href":"https:\/\/infovera.com.ar\/web\/wp-json\/wp\/v2\/tags?post=54806"}],"curies":[{"name":"wp","href":"https:\/\/api.w.org\/{rel}","templated":true}]}}