{"id":54802,"date":"2024-09-05T18:35:42","date_gmt":"2024-09-05T21:35:42","guid":{"rendered":"https:\/\/infovera.com.ar\/web\/?p=54802"},"modified":"2024-09-05T18:38:41","modified_gmt":"2024-09-05T21:38:41","slug":"el-senado-le-dio-media-sancion-al-proyecto-de-ley-de-reforma-previsional","status":"publish","type":"post","link":"https:\/\/infovera.com.ar\/web\/2024\/09\/05\/el-senado-le-dio-media-sancion-al-proyecto-de-ley-de-reforma-previsional\/","title":{"rendered":"El Senado le dio media sanci\u00f3n al proyecto de ley de reforma previsional"},"content":{"rendered":"<p>El PJ vot\u00f3 en contra. El texto enviado por la Casa Gris pas\u00f3 de inmediato a Diputados con leves cambios.<\/p>\n<p>Pasadas las 16.40, la C\u00e1mara de Senadores de la Provincia de Santa Fe aprob\u00f3 con media sanci\u00f3n el proyecto de ley de reforma previsional, que pas\u00f3 de inmediato a Diputados para otro tratamiento veloz.<\/p>\n<p>La media sanci\u00f3n se produjo mediante un tratamiento sobre tablas y cont\u00f3 con los 14 votos favorables de Unidos para Cambiar Santa Fe y la oposici\u00f3n de 4 de los 5 integrantes del bloque Justicialista. El \u00fanico senador ausente con aviso, Armando Traferri, ya hab\u00eda firmado al igual que sus compa\u00f1eros de bancada un despacho alternativo.<\/p>\n<p>En medio de un debate a puertas cerradas, con las barras sin p\u00fablico, y con una nutrida manifestaci\u00f3n en la explanada del Palacio Legislativo, el oficialismo encabezado por el presidente del bloque, Rodrigo Borla, impuso el n\u00famero necesario para la aprobaci\u00f3n a una semana del ingreso del expediente elaborado por el gobernador Maximiliano Pullaro.<\/p>\n<p>En nombre de la oposici\u00f3n, Rub\u00e9n Pirola expres\u00f3 sus cr\u00edticas a la norma y, sobre todo, al diagn\u00f3stico con que se arriba a la declaraci\u00f3n de la emergencia del sistema.<br \/>\nBorla explic\u00f3 desde su banca que en la Comisi\u00f3n de Seguimiento de la Emergencia Previsional se agregaron m\u00e1s legisladores y tambi\u00e9n representantes de los sectores gremiales del sector p\u00fablico.<\/p>\n<p>Felipe Michlig, el presidente provisional de la C\u00e1mara (y titular de la UCR santafesina) adelant\u00f3 que la otra C\u00e1mara tiene previsto comprometer una preferencia para tratarlo en su pr\u00f3xima sesi\u00f3n.<\/p>\n<p>Pirola asegur\u00f3 que no hubo informaci\u00f3n suficiente de parte del Poder Ejecutivo y record\u00f3 que el pedido de informes suyo -que data de dos meses- no fue a\u00fan respondido.<\/p>\n<p>Joaqu\u00edn Gramajo de Unite expres\u00f3 que el d\u00e9ficit de la Caja de Jubilaciones proviene de 10 a\u00f1os atr\u00e1s y felicit\u00f3 al gobernador Pullaro por enfrentarlo. Advirti\u00f3 que el rojo estimado para 2024 es de 430 mil millones de pesos, con los que el Estado podr\u00eda cubrir el presupuesto de unas 80 \u00f3 100 municipios de entre 20 y 30 mil habitaciones, o comprar por ejemplo 5.000 ambulancias.<\/p>\n<p>Para Borla la clave de la reforma es salvar la Caja de un traspaso a la Naci\u00f3n y dar un trato m\u00e1s equitativo &#8220;y justo&#8221;: &#8220;el que m\u00e1s gana, m\u00e1s aporta; pero a la hora de cobrar habr\u00e1 una pir\u00e1mide achatada, con topes&#8221;.<\/p>\n<p>Fuente: El Litoral<\/p>\n","protected":false},"excerpt":{"rendered":"<p>El PJ vot\u00f3 en contra. El texto enviado por la Casa Gris pas\u00f3 de inmediato a Diputados con leves cambios. Pasadas las 16.40, la C\u00e1mara de Senadores de la Provincia de Santa Fe aprob\u00f3 con media sanci\u00f3n el proyecto de ley de reforma previsional, que pas\u00f3 de inmediato a Diputados para otro tratamiento veloz. La [&hellip;]<\/p>\n","protected":false},"author":3,"featured_media":54073,"comment_status":"closed","ping_status":"closed","sticky":false,"template":"","format":"standard","meta":{"_joinchat":[],"footnotes":""},"categories":[60],"tags":[],"class_list":{"0":"post-54802","1":"post","2":"type-post","3":"status-publish","4":"format-standard","5":"has-post-thumbnail","7":"category-provinciales"},"_links":{"self":[{"href":"https:\/\/infovera.com.ar\/web\/wp-json\/wp\/v2\/posts\/54802","targetHints":{"allow":["GET"]}}],"collection":[{"href":"https:\/\/infovera.com.ar\/web\/wp-json\/wp\/v2\/posts"}],"about":[{"href":"https:\/\/infovera.com.ar\/web\/wp-json\/wp\/v2\/types\/post"}],"author":[{"embeddable":true,"href":"https:\/\/infovera.com.ar\/web\/wp-json\/wp\/v2\/users\/3"}],"replies":[{"embeddable":true,"href":"https:\/\/infovera.com.ar\/web\/wp-json\/wp\/v2\/comments?post=54802"}],"version-history":[{"count":0,"href":"https:\/\/infovera.com.ar\/web\/wp-json\/wp\/v2\/posts\/54802\/revisions"}],"wp:featuredmedia":[{"embeddable":true,"href":"https:\/\/infovera.com.ar\/web\/wp-json\/wp\/v2\/media\/54073"}],"wp:attachment":[{"href":"https:\/\/infovera.com.ar\/web\/wp-json\/wp\/v2\/media?parent=54802"}],"wp:term":[{"taxonomy":"category","embeddable":true,"href":"https:\/\/infovera.com.ar\/web\/wp-json\/wp\/v2\/categories?post=54802"},{"taxonomy":"post_tag","embeddable":true,"href":"https:\/\/infovera.com.ar\/web\/wp-json\/wp\/v2\/tags?post=54802"}],"curies":[{"name":"wp","href":"https:\/\/api.w.org\/{rel}","templated":true}]}}