{"id":54792,"date":"2024-09-05T12:31:53","date_gmt":"2024-09-05T15:31:53","guid":{"rendered":"https:\/\/infovera.com.ar\/web\/?p=54792"},"modified":"2024-09-05T12:31:53","modified_gmt":"2024-09-05T15:31:53","slug":"objetivo-dengue-el-lunes-provincia-comienza-con-el-operativo-de-vacunacion","status":"publish","type":"post","link":"https:\/\/infovera.com.ar\/web\/2024\/09\/05\/objetivo-dengue-el-lunes-provincia-comienza-con-el-operativo-de-vacunacion\/","title":{"rendered":"Objetivo Dengue: el lunes Provincia comienza con el operativo de vacunaci\u00f3n"},"content":{"rendered":"<p>Ser\u00e1 segmentada, focalizada, progresiva y din\u00e1mica. En una primera etapa se colocar\u00e1n las dosis a j\u00f3venes de entre 15 y 19 a\u00f1os que residan en los departamentos 9 de Julio, San Crist\u00f3bal y General Obligado, y en algunos barrios de Santa Fe, Rosario y Rafaela. Se adquirieron 160.000 dosis y se invirtieron $ 4.500 millones. Tambi\u00e9n se vacunar\u00e1 a personal de salud, polic\u00edas y bomberos de toda la provincia, de entre 20 y 39 a\u00f1os.<\/p>\n<p>La ministra de Salud, Silvia Ciancio, junto con el secretario de Cooperaci\u00f3n, Cristian Cunha, anunciaron que el pr\u00f3ximo lunes 9 de septiembre comenzar\u00e1 la vacunaci\u00f3n contra el dengue a la poblaci\u00f3n objetivo en la provincia de Santa Fe. Ser\u00e1 para j\u00f3venes de entre 15 y 19 a\u00f1os que residan en los departamentos 9 de Julio, San Crist\u00f3bal y General Obligado, y en barrios de Santa Fe, Rosario y Rafaela (seleccionados por densidad poblacional, acceso a la salud p\u00fablica y servicios, y v\u00ednculo con \u00e1reas end\u00e9micas, entre otras variables).<\/p>\n<p>En una conferencia de prensa desarrollada en Casa de Gobierno, en la ciudad de Santa Fe, las autoridades brindaron detalles de la estrategia de vacunaci\u00f3n que se realizar\u00e1 en el marco del programa Objetivo Dengue, cuyo eje es la prevenci\u00f3n y concientizaci\u00f3n, y a trav\u00e9s del cual el Gobierno provincial adquiri\u00f3 160 mil dosis (80.000 esquemas completos) de vacunas contra el dengue Qdenga, del laboratorio Takeda Argentina SA, con una inversi\u00f3n de 4.500 millones de pesos.<\/p>\n<p>&nbsp;<\/p>\n<p>Poblaci\u00f3n objetivo<\/p>\n<p>El Gobierno provincial estableci\u00f3 una estrategia de vacunaci\u00f3n que es segmentada, focalizada, progresiva y din\u00e1mica para proteger a la poblaci\u00f3n m\u00e1s vulnerable, aplic\u00e1ndose la dosis de manera gratuita a la poblaci\u00f3n objetivo, proceso que dar\u00e1 inicio este lunes 9 de septiembre en centros de Salud y hospitales.<\/p>\n<p>\u201cHay una primera etapa de esta campa\u00f1a donde vamos a vacunar a la poblaci\u00f3n objetivo, que est\u00e1 compuesta por adolescentes y j\u00f3venes de 15 a 19 a\u00f1os\u201d, dijo Ciancio, quien explic\u00f3 que esto es as\u00ed \u201cpor recomendaci\u00f3n de la Comisi\u00f3n Nacional de Inmunizaciones\u201d. Las jurisdicciones priorizadas para iniciar esta campa\u00f1a son los departamentos 9 de Julio, San Crist\u00f3bal y General Obligado, lugares elegidos debido a que entre 2009 y 2024 fueron las regiones m\u00e1s afectadas por la enfermedad. Lo mismo ocurrir\u00e1 con los pobladores de algunos barrios de Santa Fe, Rosario y Rafaela (seleccionados por densidad poblacional, acceso a la salud p\u00fablica y servicios, y v\u00ednculo con \u00e1reas end\u00e9micas, entre otras variables).<\/p>\n<p>Asimismo, la ministra remarc\u00f3 que \u201cen una segunda etapa de esta campa\u00f1a, en la \u00faltima semana de septiembre, vamos a vacunar al personal de Salud, a polic\u00edas y a bomberos en una franja etaria que va de los 20 a los 39 a\u00f1os\u201d.<\/p>\n<p>Las dosis se aplicar\u00e1n \u201ca personas que ya tenemos identificadas: nuestro sistema de registro nos permite hoy tener los padrones de las personas que vamos a vacunar, que ser\u00e1n evaluadas al final de cada semana\u201d, indic\u00f3 la funcionaria, quien detall\u00f3 que \u201cla vacuna consta de dos dosis, con un intervalo de tres meses una de la otra, y tenemos que colocar ambas. Hay experiencias en otras jurisdicciones donde la adherencia a la segunda dosis es muy baja, lo que le quita eficacia. Por eso tendremos que salir a buscar a las personas que no cumplan con la segunda dosis\u201d.<\/p>\n<p>&nbsp;<\/p>\n<p>Una herramienta m\u00e1s<\/p>\n<p>Mientras, Cunha se refiri\u00f3 a las negociaciones que el Gobierno provincial mantuvo \u201ccon el \u00fanico laboratorio que existe en el mundo que produce esta vacuna. Tuvimos muchas reuniones, fueron dif\u00edciles, y trabajamos mucho para llegar hoy ac\u00e1\u201d; y explic\u00f3 que \u201cla vacunaci\u00f3n ser\u00e1 en funci\u00f3n de las dosis que tengamos disponibles. Las vacunas llegaron la semana pasada y hoy ya est\u00e1n en los distintos lugares para poder comenzar el lunes\u201d.<\/p>\n<p>Por otro lado, dej\u00f3 en claro que \u201cla vacuna es una herramienta\u201d para combatir el dengue: \u201cNecesitamos controlar el vector, trabajar mucho en la prevenci\u00f3n, y tomar conciencia que la herramienta m\u00e1s efectiva y simple es cambiar nuestros h\u00e1bitos dom\u00e9sticos, nuestra rutina en nuestro patio, en nuestro barrio. Eso es esencial\u201d, concluy\u00f3.<\/p>\n<p>&nbsp;<\/p>\n<p>Objetivo Dengue<\/p>\n<p>Objetivo Dengue fue presentado por el gobernador Maximiliano Pullaro, y cuenta con un presupuesto total de 8.000 millones de pesos.<\/p>\n<p>El programa es coordinado por la Secretar\u00eda de Cooperaci\u00f3n de Gobernaci\u00f3n, y aborda la problem\u00e1tica, priorizando la prevenci\u00f3n y concientizaci\u00f3n sobre la enfermedad, en un trabajo conjunto entre los ministerios de Salud, Gobierno e Innovaci\u00f3n P\u00fablica, Ambiente y Cambio Clim\u00e1tico, Educaci\u00f3n, e Igualdad y Desarrollo Humano, junto a municipios, comunas, instituciones y organizaciones sociales.<\/p>\n","protected":false},"excerpt":{"rendered":"<p>Ser\u00e1 segmentada, focalizada, progresiva y din\u00e1mica. En una primera etapa se colocar\u00e1n las dosis a j\u00f3venes de entre 15 y 19 a\u00f1os que residan en los departamentos 9 de Julio, San Crist\u00f3bal y General Obligado, y en algunos barrios de Santa Fe, Rosario y Rafaela. Se adquirieron 160.000 dosis y se invirtieron $ 4.500 millones. [&hellip;]<\/p>\n","protected":false},"author":3,"featured_media":54793,"comment_status":"closed","ping_status":"closed","sticky":false,"template":"","format":"standard","meta":{"_joinchat":[],"footnotes":""},"categories":[60],"tags":[],"class_list":{"0":"post-54792","1":"post","2":"type-post","3":"status-publish","4":"format-standard","5":"has-post-thumbnail","7":"category-provinciales"},"_links":{"self":[{"href":"https:\/\/infovera.com.ar\/web\/wp-json\/wp\/v2\/posts\/54792","targetHints":{"allow":["GET"]}}],"collection":[{"href":"https:\/\/infovera.com.ar\/web\/wp-json\/wp\/v2\/posts"}],"about":[{"href":"https:\/\/infovera.com.ar\/web\/wp-json\/wp\/v2\/types\/post"}],"author":[{"embeddable":true,"href":"https:\/\/infovera.com.ar\/web\/wp-json\/wp\/v2\/users\/3"}],"replies":[{"embeddable":true,"href":"https:\/\/infovera.com.ar\/web\/wp-json\/wp\/v2\/comments?post=54792"}],"version-history":[{"count":0,"href":"https:\/\/infovera.com.ar\/web\/wp-json\/wp\/v2\/posts\/54792\/revisions"}],"wp:featuredmedia":[{"embeddable":true,"href":"https:\/\/infovera.com.ar\/web\/wp-json\/wp\/v2\/media\/54793"}],"wp:attachment":[{"href":"https:\/\/infovera.com.ar\/web\/wp-json\/wp\/v2\/media?parent=54792"}],"wp:term":[{"taxonomy":"category","embeddable":true,"href":"https:\/\/infovera.com.ar\/web\/wp-json\/wp\/v2\/categories?post=54792"},{"taxonomy":"post_tag","embeddable":true,"href":"https:\/\/infovera.com.ar\/web\/wp-json\/wp\/v2\/tags?post=54792"}],"curies":[{"name":"wp","href":"https:\/\/api.w.org\/{rel}","templated":true}]}}