{"id":54779,"date":"2024-09-04T19:50:18","date_gmt":"2024-09-04T22:50:18","guid":{"rendered":"https:\/\/infovera.com.ar\/web\/?p=54779"},"modified":"2024-09-04T19:50:18","modified_gmt":"2024-09-04T22:50:18","slug":"noroeste-provincial-el-ministro-petri-inauguro-un-nuevo-radar-para-la-custodia-del-espacio-aereo","status":"publish","type":"post","link":"https:\/\/infovera.com.ar\/web\/2024\/09\/04\/noroeste-provincial-el-ministro-petri-inauguro-un-nuevo-radar-para-la-custodia-del-espacio-aereo\/","title":{"rendered":"Noroeste provincial: el ministro Petri inaugur\u00f3 un nuevo radar para la custodia del espacio a\u00e9reo"},"content":{"rendered":"<p>El Ministro de Defensa, Luis Petri, junto al Jefe del Estado Mayor Conjunto, Xavier Juli\u00e1n Isaac, el Jefe de la Fuerza A\u00e9rea, Brigadier General Fernando Luis Mengo, y representantes de INVAP, inauguraron una nueva estaci\u00f3n radar RPA que pondr\u00e1 en operaciones el octavo Radar Primario Argentino.<\/p>\n<p>El nuevo RPA240, ubicado en la Provincia de Santa Fe, fue entregado a la Fuerza A\u00e9rea para ayudar a fortalecer la custodia y defensa de nuestro espacio a\u00e9reo y garantizar la seguridad nacional en una de las zonas del pa\u00eds m\u00e1s afectadas por amenazas como el narcoterrorismo.<\/p>\n<p>El Ministro Petri destac\u00f3 la importancia del radar en la lucha contra el narco. Plante\u00f3 que el gobierno argentino est\u00e1 \u201corgulloso de dar la batalla para que los santafesinos y los rosarinos recuperen la paz perdida\u201d y remarc\u00f3 que estos radares son fundamentales para impedir que aeronaves vinculadas al tr\u00e1fico de drogas puedan minar los campos santafesinos o aterrizar en pistas clandestinas.<\/p>\n<p>Tambi\u00e9n resalt\u00f3 la necesidad de complementar la radarizaci\u00f3n con un sistema de armas eficiente y, en esa l\u00ednea, destac\u00f3 la compra de aviones F16 como as\u00ed tambi\u00e9n la posibilidad de empezar a incorporar sistemas no tripulados a la custodia del espacio a\u00e9reo, como los drones.<\/p>\n<p>Detecci\u00f3n<\/p>\n<p>Los radares militares de banda L se utilizan principalmente para la detecci\u00f3n y seguimiento de aeronaves y misiles a distancias largas, contribuyendo as\u00ed al control del tr\u00e1fico a\u00e9reo militar y a la construcci\u00f3n de un sistema de alerta temprana en defensa.<\/p>\n<p>La instalaci\u00f3n incluye su infraestructura asociada y un radomo sobre una torre de hormig\u00f3n, as\u00ed como tambi\u00e9n distintas contramedidas electr\u00f3nicas y sistemas de protecci\u00f3n para prevenir potenciales ataques o amenazas.<\/p>\n<p>El desarrollo de estos radares representa un logro significativo para la soberan\u00eda tecnol\u00f3gica de Argentina, ya que no solo refuerza la seguridad nacional, sino que tambi\u00e9n reafirma la capacidad del pa\u00eds para desarrollar y gestionar tecnolog\u00eda de defensa de alto nivel.<\/p>\n","protected":false},"excerpt":{"rendered":"<p>El Ministro de Defensa, Luis Petri, junto al Jefe del Estado Mayor Conjunto, Xavier Juli\u00e1n Isaac, el Jefe de la Fuerza A\u00e9rea, Brigadier General Fernando Luis Mengo, y representantes de INVAP, inauguraron una nueva estaci\u00f3n radar RPA que pondr\u00e1 en operaciones el octavo Radar Primario Argentino. El nuevo RPA240, ubicado en la Provincia de Santa [&hellip;]<\/p>\n","protected":false},"author":3,"featured_media":54780,"comment_status":"closed","ping_status":"closed","sticky":false,"template":"","format":"standard","meta":{"_joinchat":[],"footnotes":""},"categories":[61],"tags":[],"class_list":{"0":"post-54779","1":"post","2":"type-post","3":"status-publish","4":"format-standard","5":"has-post-thumbnail","7":"category-regionales"},"_links":{"self":[{"href":"https:\/\/infovera.com.ar\/web\/wp-json\/wp\/v2\/posts\/54779","targetHints":{"allow":["GET"]}}],"collection":[{"href":"https:\/\/infovera.com.ar\/web\/wp-json\/wp\/v2\/posts"}],"about":[{"href":"https:\/\/infovera.com.ar\/web\/wp-json\/wp\/v2\/types\/post"}],"author":[{"embeddable":true,"href":"https:\/\/infovera.com.ar\/web\/wp-json\/wp\/v2\/users\/3"}],"replies":[{"embeddable":true,"href":"https:\/\/infovera.com.ar\/web\/wp-json\/wp\/v2\/comments?post=54779"}],"version-history":[{"count":0,"href":"https:\/\/infovera.com.ar\/web\/wp-json\/wp\/v2\/posts\/54779\/revisions"}],"wp:featuredmedia":[{"embeddable":true,"href":"https:\/\/infovera.com.ar\/web\/wp-json\/wp\/v2\/media\/54780"}],"wp:attachment":[{"href":"https:\/\/infovera.com.ar\/web\/wp-json\/wp\/v2\/media?parent=54779"}],"wp:term":[{"taxonomy":"category","embeddable":true,"href":"https:\/\/infovera.com.ar\/web\/wp-json\/wp\/v2\/categories?post=54779"},{"taxonomy":"post_tag","embeddable":true,"href":"https:\/\/infovera.com.ar\/web\/wp-json\/wp\/v2\/tags?post=54779"}],"curies":[{"name":"wp","href":"https:\/\/api.w.org\/{rel}","templated":true}]}}