{"id":54710,"date":"2024-09-03T08:38:35","date_gmt":"2024-09-03T11:38:35","guid":{"rendered":"https:\/\/infovera.com.ar\/web\/?p=54710"},"modified":"2024-09-03T08:38:35","modified_gmt":"2024-09-03T11:38:35","slug":"preocupacion-de-la-caja-de-jubilaciones-por-la-baja-relacion-entre-activos-y-pasivos-en-el-municipio","status":"publish","type":"post","link":"https:\/\/infovera.com.ar\/web\/2024\/09\/03\/preocupacion-de-la-caja-de-jubilaciones-por-la-baja-relacion-entre-activos-y-pasivos-en-el-municipio\/","title":{"rendered":"Preocupaci\u00f3n de la Caja de Jubilaciones por la baja relaci\u00f3n entre activos y pasivos en el municipio"},"content":{"rendered":"<p>El lunes, funcionarios de la Caja de Jubilaciones realizaron una inspecci\u00f3n sobre los aportes de los agentes municipales pertenecientes al municipio verense y enfatizaron el d\u00e9ficit provocado por la escasez de personal activo.<\/p>\n<p>De acuerdo a fuentes del gremio municipal que estuvieron presentes en el encuentro al relaci\u00f3n entre personal activo y los que revistan en situaci\u00f3n pasiva es de 160 contra 94 agentes.<\/p>\n<p>Esa relaci\u00f3n configura una situaci\u00f3n deficitaria de la Municipalidad en cuanto a su plantilla de personal, y hacia el horizonte mediato el panorama no es del todo auspicioso: reci\u00e9n para fin de a\u00f1o hay un compromiso del gobierno de incorporar a planta permanente a 25 contratados.<\/p>\n<p>Con esas incorporaciones tampoco se subsanar\u00e1 la problem\u00e1tica previsional que arroja n\u00fameros negativos en Vera.<\/p>\n","protected":false},"excerpt":{"rendered":"<p>El lunes, funcionarios de la Caja de Jubilaciones realizaron una inspecci\u00f3n sobre los aportes de los agentes municipales pertenecientes al municipio verense y enfatizaron el d\u00e9ficit provocado por la escasez de personal activo. De acuerdo a fuentes del gremio municipal que estuvieron presentes en el encuentro al relaci\u00f3n entre personal activo y los que revistan [&hellip;]<\/p>\n","protected":false},"author":3,"featured_media":48625,"comment_status":"closed","ping_status":"closed","sticky":false,"template":"","format":"standard","meta":{"_joinchat":[],"footnotes":""},"categories":[53],"tags":[],"class_list":{"0":"post-54710","1":"post","2":"type-post","3":"status-publish","4":"format-standard","5":"has-post-thumbnail","7":"category-vera"},"_links":{"self":[{"href":"https:\/\/infovera.com.ar\/web\/wp-json\/wp\/v2\/posts\/54710","targetHints":{"allow":["GET"]}}],"collection":[{"href":"https:\/\/infovera.com.ar\/web\/wp-json\/wp\/v2\/posts"}],"about":[{"href":"https:\/\/infovera.com.ar\/web\/wp-json\/wp\/v2\/types\/post"}],"author":[{"embeddable":true,"href":"https:\/\/infovera.com.ar\/web\/wp-json\/wp\/v2\/users\/3"}],"replies":[{"embeddable":true,"href":"https:\/\/infovera.com.ar\/web\/wp-json\/wp\/v2\/comments?post=54710"}],"version-history":[{"count":0,"href":"https:\/\/infovera.com.ar\/web\/wp-json\/wp\/v2\/posts\/54710\/revisions"}],"wp:featuredmedia":[{"embeddable":true,"href":"https:\/\/infovera.com.ar\/web\/wp-json\/wp\/v2\/media\/48625"}],"wp:attachment":[{"href":"https:\/\/infovera.com.ar\/web\/wp-json\/wp\/v2\/media?parent=54710"}],"wp:term":[{"taxonomy":"category","embeddable":true,"href":"https:\/\/infovera.com.ar\/web\/wp-json\/wp\/v2\/categories?post=54710"},{"taxonomy":"post_tag","embeddable":true,"href":"https:\/\/infovera.com.ar\/web\/wp-json\/wp\/v2\/tags?post=54710"}],"curies":[{"name":"wp","href":"https:\/\/api.w.org\/{rel}","templated":true}]}}