{"id":54692,"date":"2024-09-02T20:14:01","date_gmt":"2024-09-02T23:14:01","guid":{"rendered":"https:\/\/infovera.com.ar\/web\/?p=54692"},"modified":"2024-09-03T08:00:11","modified_gmt":"2024-09-03T11:00:11","slug":"nuevas-propuestas-culturales-en-vera","status":"publish","type":"post","link":"https:\/\/infovera.com.ar\/web\/2024\/09\/02\/nuevas-propuestas-culturales-en-vera\/","title":{"rendered":"Nuevas propuestas culturales en Vera"},"content":{"rendered":"<p>El director de Cultura de la Municipalidad, Eduardo Perot, junto a miembros de la Sociedad Italiana informaron sobre las nuevas propuestas del gobierno local.<\/p>\n<p>Junto a Nidia Malano y Mar\u00eda Luisa Centis, el director anunci\u00f3 que una de las propuestas es un concurso \u2013libre y gratuito- auspiciado por la Sociedad Italiana de Vera, titulado \u201cTurismo de radici\u201d.<\/p>\n<p>Consiste en una forma de turismo en la que las personas viajan para conectarse con sus or\u00edgenes familiares y culturales, para reflejarlo en una historieta de hasta 5 cuadros utilizando cualquier t\u00e9cnica, a l\u00e1piz o pintura.<\/p>\n<p>Los participantes ser\u00e1n divididos en tres categor\u00edas; Ni\u00f1os hasta 12 a\u00f1os; j\u00f3venes entre 13 y 17 a\u00f1os; adultos, mayores de 18 a\u00f1os.<\/p>\n<p>\u201cSirve tambi\u00e9n para descubrir m\u00e1s sobre la historia familiar, experimentar su cultura, las tradiciones y el estilo de vida de donde provienen sus ancestros\u201d, se\u00f1al\u00f3 Nidia Malano, presidente de la Sociedad Italiana de Vera.<\/p>\n<p>La inscripci\u00f3n \u201con line\u201d est\u00e1 abierta hasta el 15 de setiembre en la p\u00e1gina <a href=\"https:\/\/forms.gle\/gRSNKmKvoSmcgTJ4A\">https:\/\/forms.gle\/gRSNKmKvoSmcgTJ4A<\/a><\/p>\n<p>La otra propuesta consiste en un taller sobre \u201cMatem\u00e1tica creativa\u201d, estar\u00e1 a cargo de la profesora Mar\u00eda Luisa Centis, destinado a docentes y alumnos terciarios, el objetivo es vencer el tab\u00fa de una materia que por ah\u00ed puede aparecer compleja pero a trav\u00e9s del juego se vuelve interesante.<\/p>\n<p>En este caso la inscripci\u00f3n es en la Casa de la Cultura, en horario matutino y habr\u00e1 una cuota m\u00ednima para compra de materiales y mantenimiento del local.<\/p>\n<p>Letyana Press<\/p>\n","protected":false},"excerpt":{"rendered":"<p>El director de Cultura de la Municipalidad, Eduardo Perot, junto a miembros de la Sociedad Italiana informaron sobre las nuevas propuestas del gobierno local. Junto a Nidia Malano y Mar\u00eda Luisa Centis, el director anunci\u00f3 que una de las propuestas es un concurso \u2013libre y gratuito- auspiciado por la Sociedad Italiana de Vera, titulado \u201cTurismo [&hellip;]<\/p>\n","protected":false},"author":3,"featured_media":54693,"comment_status":"closed","ping_status":"closed","sticky":false,"template":"","format":"standard","meta":{"_joinchat":[],"footnotes":""},"categories":[40,53],"tags":[],"class_list":{"0":"post-54692","1":"post","2":"type-post","3":"status-publish","4":"format-standard","5":"has-post-thumbnail","7":"category-cultura","8":"category-vera"},"_links":{"self":[{"href":"https:\/\/infovera.com.ar\/web\/wp-json\/wp\/v2\/posts\/54692","targetHints":{"allow":["GET"]}}],"collection":[{"href":"https:\/\/infovera.com.ar\/web\/wp-json\/wp\/v2\/posts"}],"about":[{"href":"https:\/\/infovera.com.ar\/web\/wp-json\/wp\/v2\/types\/post"}],"author":[{"embeddable":true,"href":"https:\/\/infovera.com.ar\/web\/wp-json\/wp\/v2\/users\/3"}],"replies":[{"embeddable":true,"href":"https:\/\/infovera.com.ar\/web\/wp-json\/wp\/v2\/comments?post=54692"}],"version-history":[{"count":0,"href":"https:\/\/infovera.com.ar\/web\/wp-json\/wp\/v2\/posts\/54692\/revisions"}],"wp:featuredmedia":[{"embeddable":true,"href":"https:\/\/infovera.com.ar\/web\/wp-json\/wp\/v2\/media\/54693"}],"wp:attachment":[{"href":"https:\/\/infovera.com.ar\/web\/wp-json\/wp\/v2\/media?parent=54692"}],"wp:term":[{"taxonomy":"category","embeddable":true,"href":"https:\/\/infovera.com.ar\/web\/wp-json\/wp\/v2\/categories?post=54692"},{"taxonomy":"post_tag","embeddable":true,"href":"https:\/\/infovera.com.ar\/web\/wp-json\/wp\/v2\/tags?post=54692"}],"curies":[{"name":"wp","href":"https:\/\/api.w.org\/{rel}","templated":true}]}}