{"id":54690,"date":"2024-09-02T17:13:40","date_gmt":"2024-09-02T20:13:40","guid":{"rendered":"https:\/\/infovera.com.ar\/web\/?p=54690"},"modified":"2024-09-02T17:16:50","modified_gmt":"2024-09-02T20:16:50","slug":"amsafe-convoco-a-un-paro-en-rechazo-a-la-reforma-previsional","status":"publish","type":"post","link":"https:\/\/infovera.com.ar\/web\/2024\/09\/02\/amsafe-convoco-a-un-paro-en-rechazo-a-la-reforma-previsional\/","title":{"rendered":"AMSAFE convoc\u00f3 a un paro en rechazo a la reforma previsional"},"content":{"rendered":"<p>La medida de fuerza tendr\u00e1 lugar este jueves con movilizaci\u00f3n a la Legislatura provincial.<\/p>\n<p>Con motivo de tratarse el proyecto de Reforma Jubilatoria enviado por el gobierno que &#8220;contempla ajuste, recorte y una emergencia previsional, desde AMSAFE convocamos a un paro y movilizaci\u00f3n provincial&#8221;, expres\u00f3 el gremio docente.<\/p>\n<p>&#8220;Esta acci\u00f3n se origina en el marco de la \u00faltima Resoluci\u00f3n de Asamblea Provincial que estableci\u00f3 facultar a la Comisi\u00f3n Directiva Provincial a convocar a acciones provinciales cuando se trate el Proyecto de Reforma Previsional&#8221;, consign\u00f3.<\/p>\n","protected":false},"excerpt":{"rendered":"<p>La medida de fuerza tendr\u00e1 lugar este jueves con movilizaci\u00f3n a la Legislatura provincial. Con motivo de tratarse el proyecto de Reforma Jubilatoria enviado por el gobierno que &#8220;contempla ajuste, recorte y una emergencia previsional, desde AMSAFE convocamos a un paro y movilizaci\u00f3n provincial&#8221;, expres\u00f3 el gremio docente. &#8220;Esta acci\u00f3n se origina en el marco [&hellip;]<\/p>\n","protected":false},"author":3,"featured_media":50294,"comment_status":"closed","ping_status":"closed","sticky":false,"template":"","format":"standard","meta":{"_joinchat":[],"footnotes":""},"categories":[60],"tags":[],"class_list":{"0":"post-54690","1":"post","2":"type-post","3":"status-publish","4":"format-standard","5":"has-post-thumbnail","7":"category-provinciales"},"_links":{"self":[{"href":"https:\/\/infovera.com.ar\/web\/wp-json\/wp\/v2\/posts\/54690","targetHints":{"allow":["GET"]}}],"collection":[{"href":"https:\/\/infovera.com.ar\/web\/wp-json\/wp\/v2\/posts"}],"about":[{"href":"https:\/\/infovera.com.ar\/web\/wp-json\/wp\/v2\/types\/post"}],"author":[{"embeddable":true,"href":"https:\/\/infovera.com.ar\/web\/wp-json\/wp\/v2\/users\/3"}],"replies":[{"embeddable":true,"href":"https:\/\/infovera.com.ar\/web\/wp-json\/wp\/v2\/comments?post=54690"}],"version-history":[{"count":0,"href":"https:\/\/infovera.com.ar\/web\/wp-json\/wp\/v2\/posts\/54690\/revisions"}],"wp:featuredmedia":[{"embeddable":true,"href":"https:\/\/infovera.com.ar\/web\/wp-json\/wp\/v2\/media\/50294"}],"wp:attachment":[{"href":"https:\/\/infovera.com.ar\/web\/wp-json\/wp\/v2\/media?parent=54690"}],"wp:term":[{"taxonomy":"category","embeddable":true,"href":"https:\/\/infovera.com.ar\/web\/wp-json\/wp\/v2\/categories?post=54690"},{"taxonomy":"post_tag","embeddable":true,"href":"https:\/\/infovera.com.ar\/web\/wp-json\/wp\/v2\/tags?post=54690"}],"curies":[{"name":"wp","href":"https:\/\/api.w.org\/{rel}","templated":true}]}}