{"id":54639,"date":"2024-08-31T16:41:08","date_gmt":"2024-08-31T19:41:08","guid":{"rendered":"https:\/\/infovera.com.ar\/web\/?p=54639"},"modified":"2024-08-31T18:24:31","modified_gmt":"2024-08-31T21:24:31","slug":"el-socialismo-impulsa-una-reforma-constitucional","status":"publish","type":"post","link":"https:\/\/infovera.com.ar\/web\/2024\/08\/31\/el-socialismo-impulsa-una-reforma-constitucional\/","title":{"rendered":"El Socialismo impulsa una reforma constitucional que &#8220;ponga el poder en manos de la gente&#8221;&#8221;"},"content":{"rendered":"<p>En el marco de una reuni\u00f3n del Consejo Partidario realizada en Oliveros, m\u00e1s de 100 dirigentes de los 19 departamentos valoraron \u201cel di\u00e1logo entre oficialismo y oposici\u00f3n para definir un proyecto que transforme y democratice las estructuras de decisi\u00f3n en Santa Fe\u201d.<\/p>\n<p>El Partido Socialista se pronunci\u00f3 formalmente a favor de reformar la Constituci\u00f3n Provincial \u201cpara impulsar un nuevo tiempo en la provincia de Santa Fe\u201d, como se titul\u00f3 el documento elaborado en el marco de la reuni\u00f3n del Consejo Partidario provincial realizada en Oliveros, donde confluyeron m\u00e1s de 100 dirigentes en representaci\u00f3n de las 19 mesas departamentales y las bases militantes de toda la provincia. \u201cEs fundamental alcanzar los consensos necesarios y dise\u00f1ar una Constituci\u00f3n que no solo cumpla con las expectativas actuales, sino que tambi\u00e9n proyecte nuestros ideales y aspiraciones hacia el futuro\u201d, afirman.<\/p>\n<p>Ante los avances sociales, pol\u00edticos y jur\u00eddicos que han tenido lugar de 1962 -cuando se sancion\u00f3 la actual carta magna santafesina-, y recogiendo los cambios normativos que determin\u00f3 la entrada en vigencia de la Constituci\u00f3n Nacional de 1994, el Socialismo promueve una reforma capaz de generar \u201cuna profunda transformaci\u00f3n pol\u00edtica e institucional\u201d que no solo mejore la eficiencia y eficacia del gobierno, sino que tambi\u00e9n restaure \u201cla confianza de los ciudadanos en sus instituciones. No se trata simplemente de un cambio formal \u2013advierten en el documento-, sino que en tiempos de creciente desafecci\u00f3n y desencanto con la pol\u00edtica es esencial que demos pasos concretos hacia un sistema m\u00e1s participativo, equitativo, transparente y responsable\u201d. En otras palabras, como se se\u00f1al\u00f3 en la jornada de debate, \u201cque transforme y democratice las estructuras de decisi\u00f3n en Santa Fe y ponga el poder en manos de la gente\u201d.<\/p>\n<p>Por eso, el socialismo pone el acento en garantizar \u201cuna verdadera democratizaci\u00f3n de los tres poderes del Estado\u201d, para lo cual propone una serie de medidas que \u201cfortalecer\u00e1n los mecanismos de participaci\u00f3n ciudadana y promover\u00e1n una verdadera inclusi\u00f3n en la toma de decisiones\u201d. Se trata del reconocimiento de mecanismos de democracia semidirecta como la consulta popular, la revocatoria de mandato y la iniciativa popular, \u201cpropios de una sociedad que demanda cada vez m\u00e1s protagonismo y participaci\u00f3n\u201d.<\/p>\n<p>De la misma manera, el documento defiende \u201cla descentralizaci\u00f3n del poder\u201d, esto es, promover una mayor participaci\u00f3n la ciudadan\u00eda, entre otras medidas, a trav\u00e9s de una mayor exigibilidad de transparencia en los actos de gobierno; la institucionalizaci\u00f3n de los organismos de control; la instauraci\u00f3n del Consejo de la Magistratura como sistema de selecci\u00f3n de magistrados, defensores p\u00fablicos y fiscales; y la creaci\u00f3n de un Jurado de Enjuiciamiento para la remoci\u00f3n de dichos funcionarios.<\/p>\n<p>A nivel de gobiernos locales, la propuesta socialista pasa por \u201creforzar la autonom\u00eda y capacidad de gesti\u00f3n de los mismos\u201d, con \u201cuna coordinaci\u00f3n adecuada con la provincia en temas de inter\u00e9s com\u00fan\u201d, y a trav\u00e9s de un r\u00e9gimen legal que \u201clos fortalezca y les permita responder de manera efectiva a las demandas de sus comunidades en un contexto de federalismo din\u00e1mico y colaborativo\u201d.<\/p>\n<p>Otro cap\u00edtulo trascendente de la propuesta del socialismo tiene que ver con la incorporaci\u00f3n de nuevos derechos, inclusive algunos no reconocidos constitucionalmente, en una Constituci\u00f3n \u201cmoderna y progresista\u201d. Entre otros est\u00e1n el derecho a la identidad; a la diversidad sexual; de ni\u00f1as, ni\u00f1os y adolescentes; juventudes; adultos mayores; personas con discapacidad; pueblos originarios. Tambi\u00e9n se incluye el principio de paridad y la perspectiva de g\u00e9nero en todo el proceso de producci\u00f3n de pol\u00edticas p\u00fablicas en todas las \u00e1reas de organizaci\u00f3n y funcionamiento del Estado; la incorporaci\u00f3n del derecho a un ambiente sano y sustentable y la protecci\u00f3n de los recursos naturales y el equilibrio ecol\u00f3gico.<\/p>\n<p>IMPULSAR EL DI\u00c1LOGO FORMAL DENTRO DE UNIDOS Y CON LOS DEM\u00c1S PARTIDOS POL\u00cdTICOS<\/p>\n<p>El encuentro que reuni\u00f3 a las autoridades de las 19 Mesas Departamentales conformadas luego de las \u00faltimas elecciones internas, de acuerdo a las modificaciones de la carta org\u00e1nica partidaria, se inici\u00f3 con un repaso de la realidad de cada departamento y de la realidad provincial en su conjunto.<\/p>\n<p>En ese marco, el socialismo ratific\u00f3 una vez m\u00e1s su vocaci\u00f3n reformista, sostenida tanto desde la oposici\u00f3n como cuando le toc\u00f3 representar al oficialismo. En esta oportunidad, traz\u00f3 un nuevo camino que se inici\u00f3 con la convocatoria de un grupo de dirigentes y militantes partidarios, as\u00ed como de profesionales de distintas disciplinas y actores de la sociedad civil para que actualicen los preceptos recogidos en los sucesivos proyectos de reforma de la Constituci\u00f3n santafesina.<\/p>\n<p>La propuesta de reforma constitucional ser\u00e1 presentada en general, a la vez que se pondr\u00e1 a disposici\u00f3n para abrir al di\u00e1logo con todas las fuerzas pol\u00edticas que integran Unidos, instituciones y organizaciones representativas de la sociedad y, en un segundo momento, para promover conversaciones y debates con el resto de los partidos con representaci\u00f3n legislativa.<\/p>\n<p>Estuvieron presentes el secretario general del PS de Santa Fe, Joaqu\u00edn Blanco; la secretaria adjunta, Varinia Drisun; y el resto de los miembros de la Junta Provincial; la presidenta de la C\u00e1mara de Diputadas y Diputados, Clara Garc\u00eda; los diputados provinciales Pablo Far\u00edas, Rub\u00e9n Galassi, Rosana Bellati, Mariano Cuvertino, Lionella Cattalini, Gisel Mahmud, Sof\u00eda Masutti, Leo Calaianov, Charo Mancini; el senador por el departamento La Capital, Paco Garibaldi; el ministro de Ambiente y Cambio Clim\u00e1tico, Enrique Est\u00e9vez; y la ministra de Cultura, Susana Rueda.<\/p>\n<p>Tambi\u00e9n participaron la presidenta del Partido Socialista de Argentina y diputada nacional, M\u00f3nica Fein; el diputado nacional Esteban Paul\u00f3n; los titulares de las Juventudes Socialistas de Santa Fe, Bianca Scalenghe y Gino Svegliatti; los intendentes Alberto Ricci (Villa Gobernador G\u00e1lvez), Omar Colombo (Recreo), Pablo Pinotti (Sunchales); presidentas y presidentes comunales de toda la provincia, entre ellos Carlos Pigh\u00edn (Alvear), dirigentes y militantes de toda la provincia.<\/p>\n","protected":false},"excerpt":{"rendered":"<p>En el marco de una reuni\u00f3n del Consejo Partidario realizada en Oliveros, m\u00e1s de 100 dirigentes de los 19 departamentos valoraron \u201cel di\u00e1logo entre oficialismo y oposici\u00f3n para definir un proyecto que transforme y democratice las estructuras de decisi\u00f3n en Santa Fe\u201d. El Partido Socialista se pronunci\u00f3 formalmente a favor de reformar la Constituci\u00f3n Provincial [&hellip;]<\/p>\n","protected":false},"author":3,"featured_media":54640,"comment_status":"closed","ping_status":"closed","sticky":false,"template":"","format":"standard","meta":{"_joinchat":[],"footnotes":""},"categories":[66,60],"tags":[],"class_list":{"0":"post-54639","1":"post","2":"type-post","3":"status-publish","4":"format-standard","5":"has-post-thumbnail","7":"category-politica","8":"category-provinciales"},"_links":{"self":[{"href":"https:\/\/infovera.com.ar\/web\/wp-json\/wp\/v2\/posts\/54639","targetHints":{"allow":["GET"]}}],"collection":[{"href":"https:\/\/infovera.com.ar\/web\/wp-json\/wp\/v2\/posts"}],"about":[{"href":"https:\/\/infovera.com.ar\/web\/wp-json\/wp\/v2\/types\/post"}],"author":[{"embeddable":true,"href":"https:\/\/infovera.com.ar\/web\/wp-json\/wp\/v2\/users\/3"}],"replies":[{"embeddable":true,"href":"https:\/\/infovera.com.ar\/web\/wp-json\/wp\/v2\/comments?post=54639"}],"version-history":[{"count":0,"href":"https:\/\/infovera.com.ar\/web\/wp-json\/wp\/v2\/posts\/54639\/revisions"}],"wp:featuredmedia":[{"embeddable":true,"href":"https:\/\/infovera.com.ar\/web\/wp-json\/wp\/v2\/media\/54640"}],"wp:attachment":[{"href":"https:\/\/infovera.com.ar\/web\/wp-json\/wp\/v2\/media?parent=54639"}],"wp:term":[{"taxonomy":"category","embeddable":true,"href":"https:\/\/infovera.com.ar\/web\/wp-json\/wp\/v2\/categories?post=54639"},{"taxonomy":"post_tag","embeddable":true,"href":"https:\/\/infovera.com.ar\/web\/wp-json\/wp\/v2\/tags?post=54639"}],"curies":[{"name":"wp","href":"https:\/\/api.w.org\/{rel}","templated":true}]}}