{"id":54603,"date":"2024-08-30T18:29:05","date_gmt":"2024-08-30T21:29:05","guid":{"rendered":"https:\/\/infovera.com.ar\/web\/?p=54603"},"modified":"2024-08-30T18:31:47","modified_gmt":"2024-08-30T21:31:47","slug":"victoria-tejeda-firmo-convenios-de-asistencia-nutricional-con-municipios-y-comunas-del-dpto-vera","status":"publish","type":"post","link":"https:\/\/infovera.com.ar\/web\/2024\/08\/30\/victoria-tejeda-firmo-convenios-de-asistencia-nutricional-con-municipios-y-comunas-del-dpto-vera\/","title":{"rendered":"Victoria Tejeda firm\u00f3 convenios de asistencia nutricional con municipios y comunas del Dpto. Vera"},"content":{"rendered":"<p>En Margarita y en el marco del Programa Social Nutricional, se firmaron convenios destinados a asegurar la sana alimentaci\u00f3n de ni\u00f1os entre 2 y 12 a\u00f1os de edad.<\/p>\n<p>La ministra de Igualdad y Desarrollo Humano de la provincia, Victoria Tejeda, encabez\u00f3 el acto de firma de convenios el Programa Social Nutricional (Pro.So.Nut), con municipios y comunas del Dpto. Vera que permiten aumentar un 30 % las partidas de ayuda alimentaria destinada a ni\u00f1os entre 2 y 12 a\u00f1os de edad.<\/p>\n<div class=\"youtube-embed\" data-video_id=\"\"><iframe loading=\"lazy\" title=\"Victoria Tejeda firm\u00f3 convenios de asistencia nutricional con municipios y comunas del Dpto. Vera\" width=\"563\" height=\"1000\" src=\"https:\/\/www.youtube.com\/embed\/k9YURAYLoAI?feature=oembed&#038;enablejsapi=1\" frameborder=\"0\" allow=\"accelerometer; autoplay; clipboard-write; encrypted-media; gyroscope; picture-in-picture; web-share\" referrerpolicy=\"strict-origin-when-cross-origin\" allowfullscreen><\/iframe><\/div>\n<p>&#8220;Tenemos que estar cerca de los gobierno locales y esta es una estrategia alimentaria en un momento tan dif\u00edcil de la Argentina\u201d, afirm\u00f3 la funcionaria, que estuvo acompa\u00f1ada por la Dra. Juliana Caillat, subsecretar\u00eda de Asuntos Electorales y Vinculaci\u00f3n Regional del Ministerio de Gobierno, intendentes, presidentes comuna y senador Osvaldo Sosa.<\/p>\n<p>Cabe indicar que el Programa Social Nutricional (Pro.So.Nut) brinda una ayuda financiera mensual los municipios, comunas, instituciones y entidades no gubernamentales, cuyo objetivo es mejorar y asegurar la sana alimentaci\u00f3n de los ni\u00f1os, teniendo como prioridad aquellos que se encuentren en situaci\u00f3n de riesgo de desnutrici\u00f3n.<\/p>\n<p>Fueron beneficiados los distritos de Calchaqu\u00ed, Vera, Ca\u00f1ada Omb\u00fa, Garabato, Intiyaco, La Gallareta, Los Amores, Margarita y Tartagal.<\/p>\n","protected":false},"excerpt":{"rendered":"<p>En Margarita y en el marco del Programa Social Nutricional, se firmaron convenios destinados a asegurar la sana alimentaci\u00f3n de ni\u00f1os entre 2 y 12 a\u00f1os de edad. La ministra de Igualdad y Desarrollo Humano de la provincia, Victoria Tejeda, encabez\u00f3 el acto de firma de convenios el Programa Social Nutricional (Pro.So.Nut), con municipios y [&hellip;]<\/p>\n","protected":false},"author":3,"featured_media":54604,"comment_status":"closed","ping_status":"closed","sticky":false,"template":"","format":"standard","meta":{"_joinchat":[],"footnotes":""},"categories":[54],"tags":[],"class_list":{"0":"post-54603","1":"post","2":"type-post","3":"status-publish","4":"format-standard","5":"has-post-thumbnail","7":"category-margarita"},"_links":{"self":[{"href":"https:\/\/infovera.com.ar\/web\/wp-json\/wp\/v2\/posts\/54603","targetHints":{"allow":["GET"]}}],"collection":[{"href":"https:\/\/infovera.com.ar\/web\/wp-json\/wp\/v2\/posts"}],"about":[{"href":"https:\/\/infovera.com.ar\/web\/wp-json\/wp\/v2\/types\/post"}],"author":[{"embeddable":true,"href":"https:\/\/infovera.com.ar\/web\/wp-json\/wp\/v2\/users\/3"}],"replies":[{"embeddable":true,"href":"https:\/\/infovera.com.ar\/web\/wp-json\/wp\/v2\/comments?post=54603"}],"version-history":[{"count":0,"href":"https:\/\/infovera.com.ar\/web\/wp-json\/wp\/v2\/posts\/54603\/revisions"}],"wp:featuredmedia":[{"embeddable":true,"href":"https:\/\/infovera.com.ar\/web\/wp-json\/wp\/v2\/media\/54604"}],"wp:attachment":[{"href":"https:\/\/infovera.com.ar\/web\/wp-json\/wp\/v2\/media?parent=54603"}],"wp:term":[{"taxonomy":"category","embeddable":true,"href":"https:\/\/infovera.com.ar\/web\/wp-json\/wp\/v2\/categories?post=54603"},{"taxonomy":"post_tag","embeddable":true,"href":"https:\/\/infovera.com.ar\/web\/wp-json\/wp\/v2\/tags?post=54603"}],"curies":[{"name":"wp","href":"https:\/\/api.w.org\/{rel}","templated":true}]}}