{"id":54576,"date":"2024-08-29T13:19:48","date_gmt":"2024-08-29T16:19:48","guid":{"rendered":"https:\/\/infovera.com.ar\/web\/?p=54576"},"modified":"2024-08-30T09:15:05","modified_gmt":"2024-08-30T12:15:05","slug":"claves-del-proyecto-de-reforma-previsional-propuesto-por-el-ejecutivo-provincial","status":"publish","type":"post","link":"https:\/\/infovera.com.ar\/web\/2024\/08\/29\/claves-del-proyecto-de-reforma-previsional-propuesto-por-el-ejecutivo-provincial\/","title":{"rendered":"Claves del proyecto de Reforma Previsional propuesto por el Ejecutivo provincial"},"content":{"rendered":"<p>El mensaje mantiene las edades jubilatorias para mujeres y hombres; define que quien gana m\u00e1s aporta m\u00e1s, y propone adem\u00e1s un Aporte Solidario. Tambi\u00e9n realiza modificaciones a los reg\u00edmenes de docentes y polic\u00edas.<\/p>\n<p>El Poder Ejecutivo santafesino ingres\u00f3 este mi\u00e9rcoles en la C\u00e1mara de Senadores de la provincia el proyecto de Reforma Previsional de la Caja de Jubilaciones y Pensiones de los empleados p\u00fablicos, a trav\u00e9s del cual busca implementar -mediante un sistema solidario, justo y eficiente- un nuevo r\u00e9gimen jubilatorio para todos los agentes estatales, y de esta manera reducir entre un 20 % y 30 % el d\u00e9ficit del organismo que, proyectado para 2024, es de 430.000 millones de pesos.<\/p>\n<p>El inicio del proyecto propone la declaraci\u00f3n de la Emergencia del R\u00e9gimen Previsional de los empleados p\u00fablicos y funcionarios de la Provincia de Santa Fe, y sus modificatorias del Personal Policial, Penitenciario, del Instituto Aut\u00e1rquico Provincial de Industrias Penitenciarias (Iapip) y del R\u00e9gimen Opcional Docente, por el t\u00e9rmino de dos a\u00f1os, prorrogable por dos a\u00f1o m\u00e1s.<\/p>\n<p>En el Art\u00edculo 2 establece un Aporte Solidario que los beneficiarios de la Caja (actuales o futuros) deben realizar sobre el total del beneficio que perciben, durante el plazo de vigencia de la emergencia declarada, con descuentos que van del 2% al 6% de acuerdo al beneficio percibido. Los que perciban m\u00e1s de una prestaci\u00f3n de la Caja realizar\u00e1n el aporte solidario sobre la sumatoria de ambos beneficios, en tanto que no realizar\u00e1n aportes solidarios quienes perciban beneficios inferiores a las dos jubilaciones m\u00ednimas.<\/p>\n<p>Respecto del personal en actividad, realizar\u00e1n el aporte solidario durante 36 meses y por un equivalente a un 2,77 % del haber quienes ocupen un cargo de conducci\u00f3n pol\u00edtica o de gabinete, y que haya ingresado desde el 11 de diciembre de 2023 en adelante.<\/p>\n<p>Modificaciones a los reg\u00edmenes<\/p>\n<p>Entre los principales puntos de este apartado se establece que el personal en actividad eleve su aporte de manera escalonada: actualmente todos aportan un 14 %, pero el proyecto propone que los aportes se incrementen en base a un nuevo c\u00e1lculo que va del 15,5% al 21% dependiendo del ingreso percibido, es decir que quien m\u00e1s gana, m\u00e1s aporta, e incluye a todos los trabajadores y funcionarios de los tres poderes.<\/p>\n<p>Tambi\u00e9n se implementa un tope de haberes para los pasivos: actualmente hay beneficiarios que cobran un equivalente de hasta 32 jubilaciones m\u00ednimas, pero con este proyecto se aplica un tope por el cual nadie cobrar\u00e1 m\u00e1s de 20 jubilaciones m\u00ednimas. Y se mantienen las edades actuales para acceder a la jubilaci\u00f3n: 60 a\u00f1os para las mujeres y 65 para los varones y 30 a\u00f1os de servicios.<\/p>\n<p>R\u00e9gimen Docente y Policial<\/p>\n<p>Podr\u00e1n acceder a la jubilaci\u00f3n los docentes de todos los niveles y modalidades del sistema educativo que tengan 60 a\u00f1os de edad y acrediten 30 a\u00f1os de servicio docente prestados en establecimientos p\u00fablicos o privados incorporados a la ense\u00f1anza oficial no universitarios. En el caso de tratarse de afiliados docentes que acrediten 30 a\u00f1os de servicios prestados en su totalidad frente al aula en establecimientos p\u00fablicos o privados incorporados a la ense\u00f1anza oficial, en los niveles inicial, primario y secundario, estos \u00faltimos con un m\u00ednimo de 30 horas c\u00e1tedra y\/o se hubieren desempe\u00f1ado en cargos directivos o de supervisi\u00f3n en los mencionados establecimientos y que tengan 57 a\u00f1os de edad, tambi\u00e9n podr\u00e1n obtener el beneficio. Las modificaciones tambi\u00e9n alcanzan al R\u00e9gimen Policial, que incluye al personal de la Polic\u00eda de la Provincia, la Direcci\u00f3n General del Servicio Penitenciario, y del Iapip. En este caso, se propone que los aportes ser\u00e1n del 17% al 20% de su remuneraci\u00f3n dependiendo del cargo que revistan y de la instituci\u00f3n a la que pertenezcan.<\/p>\n<p>Disposiciones transitorias<\/p>\n<p>El proyecto de reforma tambi\u00e9n establece disposiciones transitorias, algunas de las cuales establecen que los tr\u00e1mites de jubilaci\u00f3n en curso al momento de publicarse la ley en el Bolet\u00edn Oficial, ser\u00e1n analizados por la Caja y, en caso de obtener dictamen favorable, podr\u00e1n acceder al beneficio conforme el r\u00e9gimen anterior; mientras, aquellos tr\u00e1mites que contar\u00e1n con dictamen favorable y fueron paralizados por voluntad del beneficiario por m\u00e1s de 6 meses, acceder\u00e1n al beneficio con el r\u00e9gimen jur\u00eddico vigente al momento del cese de la prestaci\u00f3n de servicios.<\/p>\n<p>Otro de los puntos destacados de la reforma establece que, en caso de que el Estado Nacional aumente las edades para acceder a los beneficios jubilatorios, se habilita al Poder Ejecutivo provincial a incrementarlas hasta llegar a las mismas edades, debiendo a su vez determinar la gradualidad de su implementaci\u00f3n<\/p>\n","protected":false},"excerpt":{"rendered":"<p>El mensaje mantiene las edades jubilatorias para mujeres y hombres; define que quien gana m\u00e1s aporta m\u00e1s, y propone adem\u00e1s un Aporte Solidario. Tambi\u00e9n realiza modificaciones a los reg\u00edmenes de docentes y polic\u00edas. El Poder Ejecutivo santafesino ingres\u00f3 este mi\u00e9rcoles en la C\u00e1mara de Senadores de la provincia el proyecto de Reforma Previsional de la [&hellip;]<\/p>\n","protected":false},"author":3,"featured_media":54577,"comment_status":"closed","ping_status":"closed","sticky":false,"template":"","format":"standard","meta":{"_joinchat":[],"footnotes":""},"categories":[60],"tags":[],"class_list":{"0":"post-54576","1":"post","2":"type-post","3":"status-publish","4":"format-standard","5":"has-post-thumbnail","7":"category-provinciales"},"_links":{"self":[{"href":"https:\/\/infovera.com.ar\/web\/wp-json\/wp\/v2\/posts\/54576","targetHints":{"allow":["GET"]}}],"collection":[{"href":"https:\/\/infovera.com.ar\/web\/wp-json\/wp\/v2\/posts"}],"about":[{"href":"https:\/\/infovera.com.ar\/web\/wp-json\/wp\/v2\/types\/post"}],"author":[{"embeddable":true,"href":"https:\/\/infovera.com.ar\/web\/wp-json\/wp\/v2\/users\/3"}],"replies":[{"embeddable":true,"href":"https:\/\/infovera.com.ar\/web\/wp-json\/wp\/v2\/comments?post=54576"}],"version-history":[{"count":0,"href":"https:\/\/infovera.com.ar\/web\/wp-json\/wp\/v2\/posts\/54576\/revisions"}],"wp:featuredmedia":[{"embeddable":true,"href":"https:\/\/infovera.com.ar\/web\/wp-json\/wp\/v2\/media\/54577"}],"wp:attachment":[{"href":"https:\/\/infovera.com.ar\/web\/wp-json\/wp\/v2\/media?parent=54576"}],"wp:term":[{"taxonomy":"category","embeddable":true,"href":"https:\/\/infovera.com.ar\/web\/wp-json\/wp\/v2\/categories?post=54576"},{"taxonomy":"post_tag","embeddable":true,"href":"https:\/\/infovera.com.ar\/web\/wp-json\/wp\/v2\/tags?post=54576"}],"curies":[{"name":"wp","href":"https:\/\/api.w.org\/{rel}","templated":true}]}}