{"id":54566,"date":"2024-08-29T09:50:13","date_gmt":"2024-08-29T12:50:13","guid":{"rendered":"https:\/\/infovera.com.ar\/web\/?p=54566"},"modified":"2024-08-29T14:25:18","modified_gmt":"2024-08-29T17:25:18","slug":"detuvieron-a-un-policia-y-otros-cuatro-sujetos-por-abigeato-en-el-oeste-de-vera","status":"publish","type":"post","link":"https:\/\/infovera.com.ar\/web\/2024\/08\/29\/detuvieron-a-un-policia-y-otros-cuatro-sujetos-por-abigeato-en-el-oeste-de-vera\/","title":{"rendered":"Detuvieron a un polic\u00eda y otros cuatro sujetos por abigeato en el oeste verense"},"content":{"rendered":"<p>La Guardia Rural de la ciudad de Vera esclareci\u00f3 un hecho de abigeato agravado en el que estar\u00eda implicado un funcionario policial. Interceptaron un autom\u00f3vil con aproximadamente 100 kilogramos de producto c\u00e1rneo de animal faenado.<\/p>\n<p>El personal de la Secci\u00f3n 19 de la DGSR fue informado a trav\u00e9s de un llamado telef\u00f3nico que personas desconocidas se trasladaban en veh\u00edculo con producto carneo y armas de fuego.<\/p>\n<p>Atento a ello, se constituy\u00f3 sobre la intercepci\u00f3n de las rutas 98 y 83 a la espera de los mismos; minutos m\u00e1s tardes interceptaron un autom\u00f3vil modelo Ford Fiesta conducido por D. L. S. que ser\u00eda empleado policial, acompa\u00f1ado por cuatro hombres: S.I.L.; R.E.S.; JF.R.; O.R.S.<\/p>\n<p>Al momento de requisarlos, observaron en el interior del veh\u00edculo bolsas de nylon de color negro y bolsas tipo arpilleras con diversos cortes c\u00e1rnicos proveniente de animal bovino,<br \/>\ndiscriminados en un costillar con cuero de pelaje negro, pulpa, puchero, v\u00edsceras, costillas, un cuarto delantero y un cuarto trasero; pose\u00edan adem\u00e1s dos cuchillos de distintas medidas con sus vainas escondidos en bolsas de color negro y blanco.<\/p>\n<p>En el interior del ba\u00fal del auto trasladaban la cabeza de animal vacuno del mismo<br \/>\npelaje antes descripto, cuatro patas, una barriguera y adem\u00e1s varios cortes de carne de animal vacuno. De todo lo requisado, los involucrados no pudieron acreditar su<br \/>\nprocedencia.<\/p>\n<p>Los rurales secuestraron preventivamente un total de 100 kilogramos de carne y ambos cuchillos descriptos con anterioridad. Asimismo, procedieron a la aprehensi\u00f3n de los cinco sospechosos y a su traslado, junto a los secuestrado, a la seccional de la Guardia Rural.<\/p>\n<p>Posteriormente, se constituyeron en el establecimiento de la madre de uno de los aprehendidos y encontraron restos de v\u00edsceras (mondongo), una sierra carnicera, un lazo con rastros de sangre y partes de cuero vacuno de pelaje negro, todo de inter\u00e9s para la causa.<\/p>\n<p>Por orden del fiscal de turno detuvieron incomunicaron a los aprehendidos, que fueron alojados en la alcaid\u00eda de la Unidad Regional XIX de Vera. La carne incautada fue desnaturalizada por orden de un m\u00e9dico veterinario de Los Pumas.<\/p>\n<p><a href=\"https:\/\/infovera.com.ar\/web\/wp-content\/uploads\/2024\/08\/SEC-19-VERA-1.jpeg\"><img loading=\"lazy\" decoding=\"async\" class=\"alignleft size-full wp-image-54568\" src=\"https:\/\/infovera.com.ar\/web\/wp-content\/uploads\/2024\/08\/SEC-19-VERA-1.jpeg\" alt=\"\" width=\"1600\" height=\"1200\" srcset=\"https:\/\/infovera.com.ar\/web\/wp-content\/uploads\/2024\/08\/SEC-19-VERA-1.jpeg 1600w, https:\/\/infovera.com.ar\/web\/wp-content\/uploads\/2024\/08\/SEC-19-VERA-1-696x522.jpeg 696w, https:\/\/infovera.com.ar\/web\/wp-content\/uploads\/2024\/08\/SEC-19-VERA-1-1068x801.jpeg 1068w, https:\/\/infovera.com.ar\/web\/wp-content\/uploads\/2024\/08\/SEC-19-VERA-1-560x420.jpeg 560w, https:\/\/infovera.com.ar\/web\/wp-content\/uploads\/2024\/08\/SEC-19-VERA-1-80x60.jpeg 80w, https:\/\/infovera.com.ar\/web\/wp-content\/uploads\/2024\/08\/SEC-19-VERA-1-265x198.jpeg 265w\" sizes=\"auto, (max-width: 1600px) 100vw, 1600px\" \/><\/a><\/p>\n","protected":false},"excerpt":{"rendered":"<p>La Guardia Rural de la ciudad de Vera esclareci\u00f3 un hecho de abigeato agravado en el que estar\u00eda implicado un funcionario policial. Interceptaron un autom\u00f3vil con aproximadamente 100 kilogramos de producto c\u00e1rneo de animal faenado. El personal de la Secci\u00f3n 19 de la DGSR fue informado a trav\u00e9s de un llamado telef\u00f3nico que personas desconocidas [&hellip;]<\/p>\n","protected":false},"author":3,"featured_media":54567,"comment_status":"closed","ping_status":"closed","sticky":false,"template":"","format":"standard","meta":{"_joinchat":[],"footnotes":""},"categories":[53],"tags":[],"class_list":{"0":"post-54566","1":"post","2":"type-post","3":"status-publish","4":"format-standard","5":"has-post-thumbnail","7":"category-vera"},"_links":{"self":[{"href":"https:\/\/infovera.com.ar\/web\/wp-json\/wp\/v2\/posts\/54566","targetHints":{"allow":["GET"]}}],"collection":[{"href":"https:\/\/infovera.com.ar\/web\/wp-json\/wp\/v2\/posts"}],"about":[{"href":"https:\/\/infovera.com.ar\/web\/wp-json\/wp\/v2\/types\/post"}],"author":[{"embeddable":true,"href":"https:\/\/infovera.com.ar\/web\/wp-json\/wp\/v2\/users\/3"}],"replies":[{"embeddable":true,"href":"https:\/\/infovera.com.ar\/web\/wp-json\/wp\/v2\/comments?post=54566"}],"version-history":[{"count":0,"href":"https:\/\/infovera.com.ar\/web\/wp-json\/wp\/v2\/posts\/54566\/revisions"}],"wp:featuredmedia":[{"embeddable":true,"href":"https:\/\/infovera.com.ar\/web\/wp-json\/wp\/v2\/media\/54567"}],"wp:attachment":[{"href":"https:\/\/infovera.com.ar\/web\/wp-json\/wp\/v2\/media?parent=54566"}],"wp:term":[{"taxonomy":"category","embeddable":true,"href":"https:\/\/infovera.com.ar\/web\/wp-json\/wp\/v2\/categories?post=54566"},{"taxonomy":"post_tag","embeddable":true,"href":"https:\/\/infovera.com.ar\/web\/wp-json\/wp\/v2\/tags?post=54566"}],"curies":[{"name":"wp","href":"https:\/\/api.w.org\/{rel}","templated":true}]}}