{"id":54539,"date":"2024-08-28T17:24:08","date_gmt":"2024-08-28T20:24:08","guid":{"rendered":"https:\/\/infovera.com.ar\/web\/?p=54539"},"modified":"2024-08-28T17:37:50","modified_gmt":"2024-08-28T20:37:50","slug":"cerro-la-rto-de-reconquista-y-dejo-una-deuda-de-71-millones","status":"publish","type":"post","link":"https:\/\/infovera.com.ar\/web\/2024\/08\/28\/cerro-la-rto-de-reconquista-y-dejo-una-deuda-de-71-millones\/","title":{"rendered":"Cerr\u00f3 la RTO de Reconquista y dej\u00f3 una deuda de $ 71 millones"},"content":{"rendered":"<p>Durante la semana se polemiz\u00f3 sobre la baja de la empresa que por espaci\u00f3 de diez a\u00f1os tuvo a su cargo el servicio de RTO en la cabecera del departamento General Obligado. Sumado a la adjudicaci\u00f3n del servicio a un nuevo taller.<\/p>\n<p>Sandrigo sostuvo que transcurrido los diez a\u00f1os de concesi\u00f3n como lo establece el contrato, el gobierno local decidi\u00f3 llamar a licitaci\u00f3n para brindar ese servicio en la ciudad, \u201cfue el 30 de abril de este a\u00f1o, se presentaron cuatro empresas y se le ha otorgado a la empresa Provial fue la que hizo la mejor oferta, se trata del 15,2% como canon\u201d, explic\u00f3.<\/p>\n<p>Nueva empresa<\/p>\n<p>En cuanto a la continuidad del servicio en la ciudad de Reconquista, dijo que la empresa que gan\u00f3 la licitaci\u00f3n realiza al revisi\u00f3n t\u00e9cnica en otros lugares de la provincia de Santa Fe, \u201ces de Mortero\u201d, confirm\u00f3. En tal sentido dijo que la empresa que estar\u00e1 prestando el servicio en los pr\u00f3ximos meses, \u201cest\u00e1 terminando el taller de revisi\u00f3n t\u00e9cnica en calle Espa\u00f1a y calle 64 de Reconquista, esta dentro del Distrito IT\u201d, indic\u00f3 Sandrigo.<\/p>\n<p>Dijo que ese taller ya fue inspeccionado por las entes que regulan el servicio, en cuanto al anterior prestatario del servicio en Reconquista sostuvo fue una decisi\u00f3n de ellos no presentarse a la licitaci\u00f3n, \u201cen ning\u00fan lado dec\u00eda que no se puede presentar, si quer\u00eda se pod\u00eda presentar y despu\u00e9s ten\u00edan que regularizar la documentaci\u00f3n con el municipio\u201d, aclar\u00f3.<\/p>\n<p>Deuda<\/p>\n<p>Es de dominio p\u00fablico que el gobierno de Reconquista le esta reclamando una deuda a la empresa propiedad de Gabriel Marc\u00f3n, quien brindaba hasta los \u00faltimos d\u00edas el servicio de RTO en la ciudad. \u201cAproximadamente lo que debe son 71 millones, de acuerdo a los registros que nosotros tenemos, que ellos ten\u00edan que pagar, estuvieron para que nos tengamos una idea 136 meses aproximadamente funcionando en la ciudad de Reconquista\u201d, apunt\u00f3 Nicol\u00e1s Sandrigo. En esa misma direcci\u00f3n dijo que el empresario pag\u00f3 solo tres meses de esos 136 meses mencionados, \u201cellos ten\u00edan un canon del 10% de cada revisi\u00f3n t\u00e9cnica\u201d, sostuvo.<\/p>\n<p>Record\u00f3 que el empresario en cuesti\u00f3n present\u00f3 un recurso de amparo que en primera y segunda instancia le fue rechazado, \u201cel municipio hizo todo conforme a la normativa, y la Agencia Provincial tambi\u00e9n nos ha habilitado justamente hacer un llamado a licitaci\u00f3n, porque tiene que estar habilitado a nivel provincial y nacional\u201d, resalt\u00f3.<\/p>\n<p>Manifest\u00f3 que el 23 de junio del 2024, se le dio la baja a la empresa mencionada, \u201cnuestra intenci\u00f3n era que siga funcionando hasta que empiece el nuevo taller. Pero la C\u00e1mara de RTO hace una consulta a la Agencia Provincial, la Agencia Provincial le dice que no le venda m\u00e1s, que oblea, as\u00ed que por eso es que dej\u00f3 de funcionar en este momento\u201d, justific\u00f3.<\/p>\n<p>Fuentes de trabajo<\/p>\n<p>\u201cLa nueva revisi\u00f3n t\u00e9cnica ha llamado a todos los empleados, excepto uno o dos, al resto lo ha contratado a todos para que contin\u00faen trabajando con ellos en este nuevo taller de la revisi\u00f3n t\u00e9cnica\u201d, valor\u00f3 el secretario de Control P\u00fablico. \u201cInclusive el ingeniero que ellos tienen es de Reconquista, que es el que les regentea todas las revisiones t\u00e9cnicas de la provincia de Santa Fe, as\u00ed que otros reconquistenses est\u00e1n trabajando con ellos y es el que les va a llevar adelante el taller ac\u00e1 en la Ciudad de Reconquista\u201d, garantiz\u00f3.<\/p>\n<p>La verdad por ese lado nos deja tranquilos, que esos puestos de trabajo no se caigan y por otro lado queremos seguir trabajando para lo mejor para la ciudad y en este caso es que los veh\u00edculos est\u00e9n en condiciones, que se paguen los canon y que todo funcione como corresponde&#8221;, concluy\u00f3.<\/p>\n<p>Fuente: Norte24<\/p>\n","protected":false},"excerpt":{"rendered":"<p>Durante la semana se polemiz\u00f3 sobre la baja de la empresa que por espaci\u00f3 de diez a\u00f1os tuvo a su cargo el servicio de RTO en la cabecera del departamento General Obligado. Sumado a la adjudicaci\u00f3n del servicio a un nuevo taller. Sandrigo sostuvo que transcurrido los diez a\u00f1os de concesi\u00f3n como lo establece el [&hellip;]<\/p>\n","protected":false},"author":3,"featured_media":54540,"comment_status":"closed","ping_status":"closed","sticky":false,"template":"","format":"standard","meta":{"_joinchat":[],"footnotes":""},"categories":[55,61],"tags":[],"class_list":{"0":"post-54539","1":"post","2":"type-post","3":"status-publish","4":"format-standard","5":"has-post-thumbnail","7":"category-reconquista","8":"category-regionales"},"_links":{"self":[{"href":"https:\/\/infovera.com.ar\/web\/wp-json\/wp\/v2\/posts\/54539","targetHints":{"allow":["GET"]}}],"collection":[{"href":"https:\/\/infovera.com.ar\/web\/wp-json\/wp\/v2\/posts"}],"about":[{"href":"https:\/\/infovera.com.ar\/web\/wp-json\/wp\/v2\/types\/post"}],"author":[{"embeddable":true,"href":"https:\/\/infovera.com.ar\/web\/wp-json\/wp\/v2\/users\/3"}],"replies":[{"embeddable":true,"href":"https:\/\/infovera.com.ar\/web\/wp-json\/wp\/v2\/comments?post=54539"}],"version-history":[{"count":0,"href":"https:\/\/infovera.com.ar\/web\/wp-json\/wp\/v2\/posts\/54539\/revisions"}],"wp:featuredmedia":[{"embeddable":true,"href":"https:\/\/infovera.com.ar\/web\/wp-json\/wp\/v2\/media\/54540"}],"wp:attachment":[{"href":"https:\/\/infovera.com.ar\/web\/wp-json\/wp\/v2\/media?parent=54539"}],"wp:term":[{"taxonomy":"category","embeddable":true,"href":"https:\/\/infovera.com.ar\/web\/wp-json\/wp\/v2\/categories?post=54539"},{"taxonomy":"post_tag","embeddable":true,"href":"https:\/\/infovera.com.ar\/web\/wp-json\/wp\/v2\/tags?post=54539"}],"curies":[{"name":"wp","href":"https:\/\/api.w.org\/{rel}","templated":true}]}}