{"id":54504,"date":"2024-08-27T18:25:22","date_gmt":"2024-08-27T21:25:22","guid":{"rendered":"https:\/\/infovera.com.ar\/web\/?p=54504"},"modified":"2024-08-27T18:25:22","modified_gmt":"2024-08-27T21:25:22","slug":"reconquista-nueve-detenidos-en-multiples-allanamientos-por-robo-de-bicicletas","status":"publish","type":"post","link":"https:\/\/infovera.com.ar\/web\/2024\/08\/27\/reconquista-nueve-detenidos-en-multiples-allanamientos-por-robo-de-bicicletas\/","title":{"rendered":"Reconquista: nueve detenidos en m\u00faltiples allanamientos por robo de bicicletas"},"content":{"rendered":"<p>La Polic\u00eda de Investigaciones, dependiente del Ministerio de Justicia y Seguridad de Santa Fe, realiz\u00f3 esta ma\u00f1ana 11 allanamientos simult\u00e1neos logrando desbaratar una banda dedicada al robo y \u00a0comercializaci\u00f3n de bicicletas.<\/p>\n<p>Efectivos de PDI, con colaboraci\u00f3n de la Patrulla Urbana Zona Norte de la Unidad Regional IX y Grupos T\u00e1cticos de la Unidad Regional XIV, San Javier, y Unidad Regional IX, realizaron los procedimientos y, tras varios meses de tareas investigativas bajo la direcci\u00f3n del fiscal Sebasti\u00e1n Marichal, lograron determinar el modus operandi para robar bicicletas desde la v\u00eda p\u00fablica y luego venderlas, como as\u00ed tambi\u00e9n individualizar de los distintos eslabones de la organizaci\u00f3n criminal.<\/p>\n<p>Como resultado de los procedimientos detuvieron a tres personas identificadas como G.M.O., U.M., R.A.F., adem\u00e1s aprehendieron a M.A., G.G., R.O.C., G.M, F.M.H. y E.O; y secuestraron 10 bicicletas, 5 cuadros bicicletas de distintos rodados, 1 arma de fuego, 1 aire comprimido, 4 notebook y 11 tel\u00e9fonos celulares.<\/p>\n<figure class=\"image\"><img decoding=\"async\" src=\"https:\/\/norte24cdn.eleco.com.ar\/media\/2024\/08\/alla.jpg\" alt=\"alla\" \/><\/figure>\n","protected":false},"excerpt":{"rendered":"<p>La Polic\u00eda de Investigaciones, dependiente del Ministerio de Justicia y Seguridad de Santa Fe, realiz\u00f3 esta ma\u00f1ana 11 allanamientos simult\u00e1neos logrando desbaratar una banda dedicada al robo y \u00a0comercializaci\u00f3n de bicicletas. Efectivos de PDI, con colaboraci\u00f3n de la Patrulla Urbana Zona Norte de la Unidad Regional IX y Grupos T\u00e1cticos de la Unidad Regional XIV, [&hellip;]<\/p>\n","protected":false},"author":3,"featured_media":54505,"comment_status":"closed","ping_status":"closed","sticky":false,"template":"","format":"standard","meta":{"_joinchat":[],"footnotes":""},"categories":[30,55,61],"tags":[],"class_list":{"0":"post-54504","1":"post","2":"type-post","3":"status-publish","4":"format-standard","5":"has-post-thumbnail","7":"category-policiales","8":"category-reconquista","9":"category-regionales"},"_links":{"self":[{"href":"https:\/\/infovera.com.ar\/web\/wp-json\/wp\/v2\/posts\/54504","targetHints":{"allow":["GET"]}}],"collection":[{"href":"https:\/\/infovera.com.ar\/web\/wp-json\/wp\/v2\/posts"}],"about":[{"href":"https:\/\/infovera.com.ar\/web\/wp-json\/wp\/v2\/types\/post"}],"author":[{"embeddable":true,"href":"https:\/\/infovera.com.ar\/web\/wp-json\/wp\/v2\/users\/3"}],"replies":[{"embeddable":true,"href":"https:\/\/infovera.com.ar\/web\/wp-json\/wp\/v2\/comments?post=54504"}],"version-history":[{"count":0,"href":"https:\/\/infovera.com.ar\/web\/wp-json\/wp\/v2\/posts\/54504\/revisions"}],"wp:featuredmedia":[{"embeddable":true,"href":"https:\/\/infovera.com.ar\/web\/wp-json\/wp\/v2\/media\/54505"}],"wp:attachment":[{"href":"https:\/\/infovera.com.ar\/web\/wp-json\/wp\/v2\/media?parent=54504"}],"wp:term":[{"taxonomy":"category","embeddable":true,"href":"https:\/\/infovera.com.ar\/web\/wp-json\/wp\/v2\/categories?post=54504"},{"taxonomy":"post_tag","embeddable":true,"href":"https:\/\/infovera.com.ar\/web\/wp-json\/wp\/v2\/tags?post=54504"}],"curies":[{"name":"wp","href":"https:\/\/api.w.org\/{rel}","templated":true}]}}