{"id":54457,"date":"2024-08-25T22:26:12","date_gmt":"2024-08-26T01:26:12","guid":{"rendered":"https:\/\/infovera.com.ar\/web\/?p=54457"},"modified":"2024-08-25T22:26:12","modified_gmt":"2024-08-26T01:26:12","slug":"pullaro-planteo-que-la-provincia-quiere-hacerse-cargo-de-la-falta-de-inversion-vial-del-gobierno-nacional","status":"publish","type":"post","link":"https:\/\/infovera.com.ar\/web\/2024\/08\/25\/pullaro-planteo-que-la-provincia-quiere-hacerse-cargo-de-la-falta-de-inversion-vial-del-gobierno-nacional\/","title":{"rendered":"Pullaro plante\u00f3 que la provincia &#8220;quiere hacerse cargo de la falta de inversi\u00f3n vial&#8221; del gobierno nacional"},"content":{"rendered":"<p>En el aniversario de la Bolsa de Comercio en Rosario, Pullaro hizo eje en el orden y la eficiencia<\/p>\n<p>El gobernador los marc\u00f3 como los \u201cdos conceptos y par\u00e1metros clave para llevar adelante la gesti\u00f3n\u201d. Insisti\u00f3 en exigir inversi\u00f3n en infraestructura a Naci\u00f3n. Y que en caso de no hacerla, en materia vial, se cedan rutas nacionales a la provincia para repararlas.<\/p>\n<p>El gobernador de la Provincia, Maximiliano Pullaro, junto con el presidente de la Naci\u00f3n, Javier Milei, particip\u00f3 este viernes del 140\u00b0 aniversario de la Bolsa de Comercio de Rosario.<br \/>\nEn la oportunidad, Pullaro record\u00f3: \u201cVine a esta instituci\u00f3n como candidato y junto a ustedes llevamos adelante lo que entend\u00edamos que deb\u00eda ser un plan de gobierno\u201d.<\/p>\n<p>\u201cCuando asumimos -repas\u00f3- sab\u00edamos que bajo ning\u00fan concepto pod\u00edamos aumentar la carga tributaria y que ten\u00edamos que lograr la eficiencia en los recursos del Estado y poner orden. Orden en el Estado y sus recursos. Por eso el primer recorte fueron los gastos de la pol\u00edtica para despu\u00e9s poder meternos en temas importantes y que, por supuesto, incomodan. Orden era lo que necesitaba tambi\u00e9n nuestra querida Rosario, en el sistema de seguridad y en la calle\u201d.<\/p>\n<p>\u201cAdem\u00e1s, deb\u00edamos ordenar el sistema educativo y ten\u00edamos tambi\u00e9n que ordenar el ausentismo docente, que impactaba en el aprendizaje de nuestros ni\u00f1os\u201d, se\u00f1al\u00f3. \u201cEn estos nueve meses logramos un peque\u00f1o super\u00e1vit fiscal. Lo hicimos con orden y eficiencia, los dos conceptos y par\u00e1metros para llevar adelante la gesti\u00f3n p\u00fablica y sentir que podemos ser mejores\u201d, enfatiz\u00f3 el gobernador.<\/p>\n<p>\u201cNuestro mandato es la seguridad p\u00fablica, la educaci\u00f3n y el fortalecimiento del sistema productivo. Entendimos que ten\u00eda que volver el cr\u00e9dito hipotecario en Santa Fe, junto con la Municipalidad de Rosario y el Banco Municipal de Rosario, estos ahorros fueron destinados a invertir 64 mil millones para personas que no tienen acceso a una vivienda, reactivando as\u00ed tambi\u00e9n la econom\u00eda. Adem\u00e1s, compramos equipamiento para la polic\u00eda y estamos haciendo una inversi\u00f3n en infraestructura carcelaria in\u00e9dita\u201d.<\/p>\n<p>Exigencias a Naci\u00f3n<\/p>\n<p>Adem\u00e1s, el gobernador habl\u00f3 de la falta de inversi\u00f3n vial, principalmente en rutas que van a puertos, por parte de Naci\u00f3n. \u201cEste Gobierno provincial tom\u00f3 la responsabilidad de plantearle al gobierno nacional que quiere hacerse cargo de la falta de inversi\u00f3n vial y que tiene un plan. Y le pedimos que nos cedan las trazas nacionales para hacernos cargo nosotros\u201d. Y remarc\u00f3: \u201cQueremos pedirle a los funcionarios del gobierno nacional que miren las trazas nacionales, la ruta 33, la ruta 11, la ruta 34, la 178, en el estado que se encuentran. Necesitamos que puedan ser repavimentadas de manera urgente. Pero tambi\u00e9n les decimos que si no pueden hacerlo, el gobierno de Santa Fe se va a hacer cargo\u201d, reiter\u00f3.<\/p>\n<p>\u201cAc\u00e1 hay un gobierno que se hace cargo. Ac\u00e1 hay un gobierno que va al frente y que no arruga\u201d, insisti\u00f3.<\/p>\n<p>En el mismo sentido, subray\u00f3: \u201cQueremos pedirle al gobierno nacional que mire al interior productivo, al campo, a la industria, a nuestros puertos. Necesitamos infraestructura productiva, estrat\u00e9gica, necesitamos energ\u00eda para poder producir, rutas, y una mirada de la hidrov\u00eda que apunte fundamentalmente al desarrollo productivo\u201d, sintetiz\u00f3.<\/p>\n<p>Adem\u00e1s reclam\u00f3 que \u201cse cambie la mirada porte\u00f1o-c\u00e9ntrica que hace que los recursos del interior terminen siempre cayendo en el AMBA y terminan siendo improductivos y y\u00e9ndose en subsidios a trav\u00e9s de punteros y barones del conurbano\u201d.<\/p>\n<p>Articular lo p\u00fablico y lo privado<\/p>\n<p>El presidente Milei, en su alocuci\u00f3n se refiri\u00f3 a las medidas tomadas por su gesti\u00f3n y en particular sobre Rosario destac\u00f3 el respaldo a las medidas para mejorar la seguridad a trav\u00e9s de la ministra Patricia Bullrich.<\/p>\n<p>Por su parte, el intendente de Rosario, Pablo Javkin en trabajo conjunto con Provincia, agradeci\u00f3 que \u201cen el momento m\u00e1s dif\u00edcil que nos toc\u00f3 en la ciudad, nos reunimos ac\u00e1 en la Bolsa y llegamos a un acuerdo: ante las mafias ning\u00fan solo paso atr\u00e1s. Ese acuerdo trajo lo que quer\u00edamos. Ya no nos sentimos solos, la Provincia y la Naci\u00f3n nos est\u00e1n devolviendo la normalidad que quer\u00edamos\u201d.<\/p>\n<p>Por \u00faltimo, el presidente de la Bolsa de Comercio de Rosario, Miguel Simioni, agradeci\u00f3 a las autoridades presentes y sostuvo que \u201clas grandes transformaciones ocurren cuando alineamos los sue\u00f1os, las decisiones e historias individuales detr\u00e1s de un objetivo com\u00fan. La articulaci\u00f3n entre lo p\u00fablico y lo privado es muy importante para nuestra instituci\u00f3n. Por eso quiero agradecer a nuestro gobernador, que tom\u00f3 las necesidades de la producci\u00f3n como una prioridad\u201d, indic\u00f3.<\/p>\n<p>Participaron tambi\u00e9n de la actividad la vicegobernadora, Gisela Scaglia; la presidenta de la C\u00e1mara de Diputados y Diputadas de la provincia, Clara Garc\u00eda; la senadora nacional Carolina Losada; el presidente de la Corte Suprema de Justicia, Rafael Guti\u00e9rrez; lministros, autoridades nacionales, provinciales y municipales y representantes de instituciones.<\/p>\n","protected":false},"excerpt":{"rendered":"<p>En el aniversario de la Bolsa de Comercio en Rosario, Pullaro hizo eje en el orden y la eficiencia El gobernador los marc\u00f3 como los \u201cdos conceptos y par\u00e1metros clave para llevar adelante la gesti\u00f3n\u201d. Insisti\u00f3 en exigir inversi\u00f3n en infraestructura a Naci\u00f3n. Y que en caso de no hacerla, en materia vial, se cedan [&hellip;]<\/p>\n","protected":false},"author":3,"featured_media":54458,"comment_status":"closed","ping_status":"closed","sticky":false,"template":"","format":"standard","meta":{"_joinchat":[],"footnotes":""},"categories":[60],"tags":[],"class_list":{"0":"post-54457","1":"post","2":"type-post","3":"status-publish","4":"format-standard","5":"has-post-thumbnail","7":"category-provinciales"},"_links":{"self":[{"href":"https:\/\/infovera.com.ar\/web\/wp-json\/wp\/v2\/posts\/54457","targetHints":{"allow":["GET"]}}],"collection":[{"href":"https:\/\/infovera.com.ar\/web\/wp-json\/wp\/v2\/posts"}],"about":[{"href":"https:\/\/infovera.com.ar\/web\/wp-json\/wp\/v2\/types\/post"}],"author":[{"embeddable":true,"href":"https:\/\/infovera.com.ar\/web\/wp-json\/wp\/v2\/users\/3"}],"replies":[{"embeddable":true,"href":"https:\/\/infovera.com.ar\/web\/wp-json\/wp\/v2\/comments?post=54457"}],"version-history":[{"count":0,"href":"https:\/\/infovera.com.ar\/web\/wp-json\/wp\/v2\/posts\/54457\/revisions"}],"wp:featuredmedia":[{"embeddable":true,"href":"https:\/\/infovera.com.ar\/web\/wp-json\/wp\/v2\/media\/54458"}],"wp:attachment":[{"href":"https:\/\/infovera.com.ar\/web\/wp-json\/wp\/v2\/media?parent=54457"}],"wp:term":[{"taxonomy":"category","embeddable":true,"href":"https:\/\/infovera.com.ar\/web\/wp-json\/wp\/v2\/categories?post=54457"},{"taxonomy":"post_tag","embeddable":true,"href":"https:\/\/infovera.com.ar\/web\/wp-json\/wp\/v2\/tags?post=54457"}],"curies":[{"name":"wp","href":"https:\/\/api.w.org\/{rel}","templated":true}]}}