{"id":54454,"date":"2024-08-25T22:21:06","date_gmt":"2024-08-26T01:21:06","guid":{"rendered":"https:\/\/infovera.com.ar\/web\/?p=54454"},"modified":"2024-08-25T22:21:06","modified_gmt":"2024-08-26T01:21:06","slug":"german-martinez-de-recorrida-por-el-norte-para-milei-los-municipios-y-las-comunas-no-existen","status":"publish","type":"post","link":"https:\/\/infovera.com.ar\/web\/2024\/08\/25\/german-martinez-de-recorrida-por-el-norte-para-milei-los-municipios-y-las-comunas-no-existen\/","title":{"rendered":"Germ\u00e1n Mart\u00ednez, de recorrida por el norte: \u201cPara Milei los municipios y las comunas no existen\u201d"},"content":{"rendered":"<p>\u201cPara Javier Milei los municipios y las comunas no existen\u201d, expres\u00f3 al analizar lo recogido en la recorrida por Reconquista, Florencia, El Rab\u00f3n y La Sarita.<\/p>\n<p>Asimismo, coment\u00f3 \u201cen cada lugar pude escuchar, de primeras fuentes, las horribles consecuencias de un plan econ\u00f3mico que no tiene contemplaci\u00f3n con los estados provinciales\u201d, y remat\u00f3 \u201cel gobierno de Javier Milei est\u00e1 destrozando a Santa Fe y deteriorando la calidad de vida de las y los santafesinos\u201d.<\/p>\n<p>Mart\u00ednez estuvo en Florencia, reunido con el intendente Rub\u00e9n Qua\u00edn. Tambi\u00e9n visit\u00f3 la comuna de El Rab\u00f3n para dialogar sobre la realidad con su presidente Comunal Juan Carlos Pulzzoni; del mismo modo arrib\u00f3 a La Sarita para encontrarse con Gerardo Castillo.<\/p>\n<p>Finalmente, brind\u00f3 una charla en Reconquista en la que participaron referentes de organizaciones sociales, pol\u00edticas y sindicales de la ciudad y norte provincial. All\u00ed acompa\u00f1aron los referentes pol\u00edticos Mariano Enriquez (Sec Gral Departamental PJ Gral. Obligado) y Enrique Mar\u00edn.<\/p>\n","protected":false},"excerpt":{"rendered":"<p>\u201cPara Javier Milei los municipios y las comunas no existen\u201d, expres\u00f3 al analizar lo recogido en la recorrida por Reconquista, Florencia, El Rab\u00f3n y La Sarita. Asimismo, coment\u00f3 \u201cen cada lugar pude escuchar, de primeras fuentes, las horribles consecuencias de un plan econ\u00f3mico que no tiene contemplaci\u00f3n con los estados provinciales\u201d, y remat\u00f3 \u201cel gobierno [&hellip;]<\/p>\n","protected":false},"author":3,"featured_media":54455,"comment_status":"closed","ping_status":"closed","sticky":false,"template":"","format":"standard","meta":{"_joinchat":[],"footnotes":""},"categories":[61],"tags":[],"class_list":{"0":"post-54454","1":"post","2":"type-post","3":"status-publish","4":"format-standard","5":"has-post-thumbnail","7":"category-regionales"},"_links":{"self":[{"href":"https:\/\/infovera.com.ar\/web\/wp-json\/wp\/v2\/posts\/54454","targetHints":{"allow":["GET"]}}],"collection":[{"href":"https:\/\/infovera.com.ar\/web\/wp-json\/wp\/v2\/posts"}],"about":[{"href":"https:\/\/infovera.com.ar\/web\/wp-json\/wp\/v2\/types\/post"}],"author":[{"embeddable":true,"href":"https:\/\/infovera.com.ar\/web\/wp-json\/wp\/v2\/users\/3"}],"replies":[{"embeddable":true,"href":"https:\/\/infovera.com.ar\/web\/wp-json\/wp\/v2\/comments?post=54454"}],"version-history":[{"count":0,"href":"https:\/\/infovera.com.ar\/web\/wp-json\/wp\/v2\/posts\/54454\/revisions"}],"wp:featuredmedia":[{"embeddable":true,"href":"https:\/\/infovera.com.ar\/web\/wp-json\/wp\/v2\/media\/54455"}],"wp:attachment":[{"href":"https:\/\/infovera.com.ar\/web\/wp-json\/wp\/v2\/media?parent=54454"}],"wp:term":[{"taxonomy":"category","embeddable":true,"href":"https:\/\/infovera.com.ar\/web\/wp-json\/wp\/v2\/categories?post=54454"},{"taxonomy":"post_tag","embeddable":true,"href":"https:\/\/infovera.com.ar\/web\/wp-json\/wp\/v2\/tags?post=54454"}],"curies":[{"name":"wp","href":"https:\/\/api.w.org\/{rel}","templated":true}]}}