{"id":54424,"date":"2024-08-25T13:31:38","date_gmt":"2024-08-25T16:31:38","guid":{"rendered":"https:\/\/infovera.com.ar\/web\/?p=54424"},"modified":"2024-08-26T10:38:35","modified_gmt":"2024-08-26T13:38:35","slug":"los-delitos-rurales-se-pueden-denunciar-de-manera-virtual","status":"publish","type":"post","link":"https:\/\/infovera.com.ar\/web\/2024\/08\/25\/los-delitos-rurales-se-pueden-denunciar-de-manera-virtual\/","title":{"rendered":"Los delitos rurales se pueden denunciar de manera virtual"},"content":{"rendered":"<p>El avance se present\u00f3 en el marco de la segunda reuni\u00f3n de la mesa de Seguridad Rural. Se trata de una plataforma virtual de denuncias que est\u00e1 focalizada en el sector agro y se encuentra alojada en la web oficial del MPA.<\/p>\n<p>En el marco del desarrollo de la segunda reuni\u00f3n de la mesa de Seguridad Rural, que se concret\u00f3 este viernes en la ciudad de Rosario, se oficializ\u00f3 una plataforma virtual mediante la que a partir de ahora los delitos rurales se pueden denunciar de manera online. El objetivo central es agilizar el tr\u00e1mite y se realiza ingresando en mpa.santafe.gov.ar\/denuncias.<\/p>\n<p>El encuentro cont\u00f3 con la participaci\u00f3n de los ministros de Desarrollo Productivo, Gustavo Puccini; y de Justicia y Seguridad, Pablo Cococcioni; de la fiscal general del Ministerio P\u00fablico de la Acusaci\u00f3n (MPA), Mar\u00eda Cecilia Vranicich; del fiscal regional Mat\u00edas Merlo; de autoridades de la ASSAL y de representantes de la Mesa Agropecuaria Santa Fe. En la oportunidad tambi\u00e9n se avanz\u00f3 en la conformaci\u00f3n de las mesas territoriales por circunscripci\u00f3n en las 5 regiones de toda la provincia.<\/p>\n<p>*Plataforma de denuncias*<\/p>\n<p>\u201cNecesitamos que estas acciones lleguen al territorio. Hoy contamos con instrumentos para mejorar la seguridad en el \u00e1mbito rural y \u00e9stos deben difundirse. Con la carga de datos, vamos a tener m\u00e1s y mejor informaci\u00f3n para la toma de decisiones\u201d, se\u00f1alaron los integrantes de la Mesa respecto a la plataforma de denuncias focalizada en el sector agro.<\/p>\n<p>A su vez, se resalt\u00f3 la importancia de difundir entre la necesidad seguir denunciando los delito en progreso o los inminentes peligros: \u201cEsto no s\u00f3lo nos va a permitir acudir a la emergencia si no, tambi\u00e9n, construir un mapa de delito rural m\u00e1s efectivo que nos d\u00e9 los datos para organizar el despliegue preventivo en los distintos territorios\u201d, aseveraron para luego explicar que \u201cla idea de estos encuentros es establecer mecanismos de alcance general. La creaci\u00f3n del programa es una gran noticia porque nos va a facilitar todas las gestiones necesarias. Ahora avanzaremos en la definici\u00f3n de actores en las mesas regionales y un cronograma de trabajo\u201d.<\/p>\n<p>Finalmente, respecto a la plataforma de denuncias se explic\u00f3 que \u201ces un sitio monitoreado por la Fiscal\u00eda\u201d al tiempo que remarcaron \u201cla importancia de realizar denuncias para poder esclarecer los casos de inseguridad\u201d. En este sentido, indicaron que \u201csi una persona quiere denunciar ya aparece la categor\u00eda Delitos Rurales. Gracias a este mecanismo sencillo y accesible, se cargar\u00e1 toda la informaci\u00f3n suministrada para proceder a su investigaci\u00f3n\u201d.<\/p>\n","protected":false},"excerpt":{"rendered":"<p>El avance se present\u00f3 en el marco de la segunda reuni\u00f3n de la mesa de Seguridad Rural. Se trata de una plataforma virtual de denuncias que est\u00e1 focalizada en el sector agro y se encuentra alojada en la web oficial del MPA. En el marco del desarrollo de la segunda reuni\u00f3n de la mesa de [&hellip;]<\/p>\n","protected":false},"author":3,"featured_media":54425,"comment_status":"closed","ping_status":"closed","sticky":false,"template":"","format":"standard","meta":{"_joinchat":[],"footnotes":""},"categories":[60],"tags":[],"class_list":{"0":"post-54424","1":"post","2":"type-post","3":"status-publish","4":"format-standard","5":"has-post-thumbnail","7":"category-provinciales"},"_links":{"self":[{"href":"https:\/\/infovera.com.ar\/web\/wp-json\/wp\/v2\/posts\/54424","targetHints":{"allow":["GET"]}}],"collection":[{"href":"https:\/\/infovera.com.ar\/web\/wp-json\/wp\/v2\/posts"}],"about":[{"href":"https:\/\/infovera.com.ar\/web\/wp-json\/wp\/v2\/types\/post"}],"author":[{"embeddable":true,"href":"https:\/\/infovera.com.ar\/web\/wp-json\/wp\/v2\/users\/3"}],"replies":[{"embeddable":true,"href":"https:\/\/infovera.com.ar\/web\/wp-json\/wp\/v2\/comments?post=54424"}],"version-history":[{"count":0,"href":"https:\/\/infovera.com.ar\/web\/wp-json\/wp\/v2\/posts\/54424\/revisions"}],"wp:featuredmedia":[{"embeddable":true,"href":"https:\/\/infovera.com.ar\/web\/wp-json\/wp\/v2\/media\/54425"}],"wp:attachment":[{"href":"https:\/\/infovera.com.ar\/web\/wp-json\/wp\/v2\/media?parent=54424"}],"wp:term":[{"taxonomy":"category","embeddable":true,"href":"https:\/\/infovera.com.ar\/web\/wp-json\/wp\/v2\/categories?post=54424"},{"taxonomy":"post_tag","embeddable":true,"href":"https:\/\/infovera.com.ar\/web\/wp-json\/wp\/v2\/tags?post=54424"}],"curies":[{"name":"wp","href":"https:\/\/api.w.org\/{rel}","templated":true}]}}