{"id":54421,"date":"2024-08-25T13:27:43","date_gmt":"2024-08-25T16:27:43","guid":{"rendered":"https:\/\/infovera.com.ar\/web\/?p=54421"},"modified":"2024-08-26T10:39:08","modified_gmt":"2024-08-26T13:39:08","slug":"el-comando-retuvo-motos-con-escapes-libres-sin-papeles-y-manejadas-por-menores","status":"publish","type":"post","link":"https:\/\/infovera.com.ar\/web\/2024\/08\/25\/el-comando-retuvo-motos-con-escapes-libres-sin-papeles-y-manejadas-por-menores\/","title":{"rendered":"El Comando retuvo motos con escapes libres, sin papeles y manejadas por menores"},"content":{"rendered":"<p>El s\u00e1bado, prrsonal policial de la Secci\u00f3n Secci\u00f3n Motorizada y Agrupaci\u00f3n Cuerpo, circunstancias de efectuar diversos Operativos controles vehiculares y de personas, procedieron al secuestro preventivo de (04) MOTOCICLETAS , con escapes libres, sin documentaci\u00f3n que acrediten la propiedad de los mismos y en su mayor\u00eda guiada por menores de edad; es dable mencionar, uno de los birrodados marca BAJAT ROUSER 200 C.C, COLOR AZUL, su conductor, mayor de edad, domiciliado en la<br \/>\nlocalidad de Videla, Departamento San justo, ten\u00eda impedimento de circulaci\u00f3n.<\/p>\n<p>Los ciclomotores fueron entregados mediante acta al resguardo del personal de Control Urbano de la Municipalidad de Vera.<\/p>\n","protected":false},"excerpt":{"rendered":"<p>El s\u00e1bado, prrsonal policial de la Secci\u00f3n Secci\u00f3n Motorizada y Agrupaci\u00f3n Cuerpo, circunstancias de efectuar diversos Operativos controles vehiculares y de personas, procedieron al secuestro preventivo de (04) MOTOCICLETAS , con escapes libres, sin documentaci\u00f3n que acrediten la propiedad de los mismos y en su mayor\u00eda guiada por menores de edad; es dable mencionar, uno [&hellip;]<\/p>\n","protected":false},"author":3,"featured_media":54422,"comment_status":"closed","ping_status":"closed","sticky":false,"template":"","format":"standard","meta":{"_joinchat":[],"footnotes":""},"categories":[30,53],"tags":[],"class_list":{"0":"post-54421","1":"post","2":"type-post","3":"status-publish","4":"format-standard","5":"has-post-thumbnail","7":"category-policiales","8":"category-vera"},"_links":{"self":[{"href":"https:\/\/infovera.com.ar\/web\/wp-json\/wp\/v2\/posts\/54421","targetHints":{"allow":["GET"]}}],"collection":[{"href":"https:\/\/infovera.com.ar\/web\/wp-json\/wp\/v2\/posts"}],"about":[{"href":"https:\/\/infovera.com.ar\/web\/wp-json\/wp\/v2\/types\/post"}],"author":[{"embeddable":true,"href":"https:\/\/infovera.com.ar\/web\/wp-json\/wp\/v2\/users\/3"}],"replies":[{"embeddable":true,"href":"https:\/\/infovera.com.ar\/web\/wp-json\/wp\/v2\/comments?post=54421"}],"version-history":[{"count":0,"href":"https:\/\/infovera.com.ar\/web\/wp-json\/wp\/v2\/posts\/54421\/revisions"}],"wp:featuredmedia":[{"embeddable":true,"href":"https:\/\/infovera.com.ar\/web\/wp-json\/wp\/v2\/media\/54422"}],"wp:attachment":[{"href":"https:\/\/infovera.com.ar\/web\/wp-json\/wp\/v2\/media?parent=54421"}],"wp:term":[{"taxonomy":"category","embeddable":true,"href":"https:\/\/infovera.com.ar\/web\/wp-json\/wp\/v2\/categories?post=54421"},{"taxonomy":"post_tag","embeddable":true,"href":"https:\/\/infovera.com.ar\/web\/wp-json\/wp\/v2\/tags?post=54421"}],"curies":[{"name":"wp","href":"https:\/\/api.w.org\/{rel}","templated":true}]}}