{"id":54417,"date":"2024-08-25T10:49:10","date_gmt":"2024-08-25T13:49:10","guid":{"rendered":"https:\/\/infovera.com.ar\/web\/?p=54417"},"modified":"2024-08-25T13:32:13","modified_gmt":"2024-08-25T16:32:13","slug":"se-desarrollo-con-exito-la-feria-del-libro","status":"publish","type":"post","link":"https:\/\/infovera.com.ar\/web\/2024\/08\/25\/se-desarrollo-con-exito-la-feria-del-libro\/","title":{"rendered":"Se desarroll\u00f3 con \u00e9xito la Feria del Libro"},"content":{"rendered":"<p>La 13\u00aa edici\u00f3n como \u201cFeria del Libro, el Arte y la Cultura\u201d, que fuera hist\u00f3ricamente creada por la Fundaci\u00f3n \u201cVera Linda\u201d, promovida por la familia Celestino; luego tuvo continuidad con el \u201cCentro Ciudadano\u201dy, despu\u00e9s de estar ausente el a\u00f1o anterior, tom\u00f3 la posta \u201cEspacio Abierto\u201d que con un inter\u00e9s educativo, cultural, social y comunitario, asumi\u00f3 la iniciativa de retomar un evento tan importante que ya forma parte de la identidad de los verenses.<\/p>\n<p>El acto de apertura cont\u00f3 con la presencia de la intendente Paula Mitre, el senador Osvaldo Sosa, el diputado Sergio Rojas, el secretario de Cultura de la provincia; Pablo Richi; la directora provincial de Industrias Culturales, Lucrecia Pelliza; los concejales Ana Paula Capello y Mario Souilh\u00e9; supervisores, directivos y docentes de las escuelas de la ciudad, como as\u00ed tambi\u00e9n artistas pl\u00e1sticos, escritores, m\u00fasicos y escuelas de danzas que participaron del show final.<\/p>\n<p>Durante los tres d\u00edas que dur\u00f3 la feria se cont\u00f3 con la participaci\u00f3n de delegaciones escolares que disfrutaron a pleno las distintas alternativas presentadas para aprender jugando en una novedosa experiencia donde los chicos pr\u00e1cticamente interactuaron y se sintieron protagonistas de la consigna \u201cJuguemos en la Cu\u00f1a\u201d, tem\u00e1tica abordada para la muestra de la artista pl\u00e1stica Nelly Fournier.<\/p>\n<p>Mientras que el p\u00fablico pudo recorrer una variada oferta literaria, participar de un \u201cMate Literario\u201d y charlas a cargo de Virginia S\u00e1nchez, Pablo Rotela y Camilo Di Croce, como as\u00ed tambi\u00e9n de talleres coordinados por Luisina Clement\u00edn y Gabriel Capello, con una cartelera infantil que incluy\u00f3 teatro de t\u00edteres y estatuas vivientes.<\/p>\n<p>Los organizadores se mostraron muy conformes con la convocatoria que tuvieron las distintas actividades del programa y apuestan a la continuidad de ese evento como una muestra de las distintas expresiones culturales y con un gran esp\u00edritu participativo.<br \/>\nLas escuelas de danzas y el grupo de teatro independiendiente \u201cNomeacuerdo\u201d pusieron su aporte para mantener viva la cultura verense.<\/p>\n<p>El acto de cierre sirvi\u00f3 para retribuir con reconocimientos a los participantes de la muestra y el diputado Sergio Rojas entreg\u00f3 al periodista Manuel Mudry la Declaraci\u00f3n de Inter\u00e9s de su Libro<\/p>\n<p>\u201cTodo por un sue\u00f1o\u201d que, \u201cadem\u00e1s de ser un recorrido por su trayectoria personal, logra ser un registro y reflejo de la vida colectiva reciente de la ciudad y del departamento Vera\u201d.<\/p>\n<p>El balance final arroj\u00f3 resultado altamente positivo, tanto por la capacidad organizativa como por el nivel de participaci\u00f3n de los distintos actores que fueron protagonistas de la muestra como por el nivel de la convocatoria que hizo que el evento permanezca con una vida muy activa durante las tres jornadas y aliente la esperanza de revivir la experiencia el pr\u00f3ximo a\u00f1o.<\/p>\n<p>Letyana Press<\/p>\n","protected":false},"excerpt":{"rendered":"<p>La 13\u00aa edici\u00f3n como \u201cFeria del Libro, el Arte y la Cultura\u201d, que fuera hist\u00f3ricamente creada por la Fundaci\u00f3n \u201cVera Linda\u201d, promovida por la familia Celestino; luego tuvo continuidad con el \u201cCentro Ciudadano\u201dy, despu\u00e9s de estar ausente el a\u00f1o anterior, tom\u00f3 la posta \u201cEspacio Abierto\u201d que con un inter\u00e9s educativo, cultural, social y comunitario, asumi\u00f3 [&hellip;]<\/p>\n","protected":false},"author":3,"featured_media":54418,"comment_status":"closed","ping_status":"closed","sticky":false,"template":"","format":"standard","meta":{"_joinchat":[],"footnotes":""},"categories":[53],"tags":[],"class_list":{"0":"post-54417","1":"post","2":"type-post","3":"status-publish","4":"format-standard","5":"has-post-thumbnail","7":"category-vera"},"_links":{"self":[{"href":"https:\/\/infovera.com.ar\/web\/wp-json\/wp\/v2\/posts\/54417","targetHints":{"allow":["GET"]}}],"collection":[{"href":"https:\/\/infovera.com.ar\/web\/wp-json\/wp\/v2\/posts"}],"about":[{"href":"https:\/\/infovera.com.ar\/web\/wp-json\/wp\/v2\/types\/post"}],"author":[{"embeddable":true,"href":"https:\/\/infovera.com.ar\/web\/wp-json\/wp\/v2\/users\/3"}],"replies":[{"embeddable":true,"href":"https:\/\/infovera.com.ar\/web\/wp-json\/wp\/v2\/comments?post=54417"}],"version-history":[{"count":0,"href":"https:\/\/infovera.com.ar\/web\/wp-json\/wp\/v2\/posts\/54417\/revisions"}],"wp:featuredmedia":[{"embeddable":true,"href":"https:\/\/infovera.com.ar\/web\/wp-json\/wp\/v2\/media\/54418"}],"wp:attachment":[{"href":"https:\/\/infovera.com.ar\/web\/wp-json\/wp\/v2\/media?parent=54417"}],"wp:term":[{"taxonomy":"category","embeddable":true,"href":"https:\/\/infovera.com.ar\/web\/wp-json\/wp\/v2\/categories?post=54417"},{"taxonomy":"post_tag","embeddable":true,"href":"https:\/\/infovera.com.ar\/web\/wp-json\/wp\/v2\/tags?post=54417"}],"curies":[{"name":"wp","href":"https:\/\/api.w.org\/{rel}","templated":true}]}}