{"id":54407,"date":"2024-08-24T10:26:26","date_gmt":"2024-08-24T13:26:26","guid":{"rendered":"https:\/\/infovera.com.ar\/web\/?p=54407"},"modified":"2024-08-25T13:28:32","modified_gmt":"2024-08-25T16:28:32","slug":"el-norte-santafesino-y-el-rol-estrategico-de-la-region-litoral","status":"publish","type":"post","link":"https:\/\/infovera.com.ar\/web\/2024\/08\/24\/el-norte-santafesino-y-el-rol-estrategico-de-la-region-litoral\/","title":{"rendered":"El norte santafesino y el rol estrat\u00e9gico de la Regi\u00f3n Litoral"},"content":{"rendered":"<p>Por Sergio \u201cChiqui\u201d Rojas &#8211; Diputado de Santa Fe<\/p>\n<p>El pasado 15 de agosto en la ciudad de Villa Ocampo, los gobernadores de Santa Fe, Maximiliano Pullaro, y de Corrientes, Gustavo Vald\u00e9s, firmaron un acta compromiso para la creaci\u00f3n de la Regi\u00f3n Litoral, un nuevo espacio interjurisdiccional destinado a definir estrategias y proyectos comunes, con el objetivo de impulsar iniciativas que presten, por fin, atenci\u00f3n al desarrollo del noreste argentino.<\/p>\n<p>Siguiendo el camino transitado por la Regi\u00f3n Centro, que integra a Santa Fe, C\u00f3rdoba y Entre R\u00edos, y del cual formo parte desde mi rol de diputado provincial, en este punto de partida la Regi\u00f3n Litoral se posiciona con un enorme potencial transformador, a partir de intereses, caracter\u00edsticas y esfuerzos compartidos.<\/p>\n<p>Se trata de un \u00e1mbito desde el cual pensar y planificar la producci\u00f3n, los servicios, el turismo, rutas, caminos y puentes, accesos a puertos y conexiones fluviales, en lo que a obras de infraestructura y desarrollo econ\u00f3mico refiere, pero sin desatender las acciones orientadas a generar mayores oportunidades educativas, laborales y culturales que favorezcan, en definitiva y en conjunto, a una mejor calidad de vida y arraigo en nuestros pueblos y ciudades.<\/p>\n<p>El territorio nortefesino<\/p>\n<p>En los departamentos General Obligado, Vera y 9 de Julio, que comparten el extremo norte de la provincia, habitan aproximadamente unas 285.000 personas, repartidas en un territorio de casi 50.000 km\u00b2 y distribuidas en 10 municipios, 37 comunas, y un vasto conjunto de parajes rurales.<\/p>\n<p>Es en 1886 cuando la bota de Santa Fe toma su actual forma, al integrarse esta porci\u00f3n del territorio al resto de la geograf\u00eda provincial, hasta el Paralelo 28\u00b0, entonces Territorio Nacional del Chaco, que comprend\u00eda espacios que hoy forman parte de las provincias de Formosa, Santiago del Estero, Chaco y norte de Santa Fe.<\/p>\n<p>Es por aquella \u00e9poca que en esta regi\u00f3n, adem\u00e1s de los asentamientos y fundaciones que surgen como colonias agr\u00edcolas con migrantes europeos como protagonistas, se crearon una serie de poblados, que nacieron de la explotaci\u00f3n de los bosques nativos por parte de capitales extranjeros: los pueblos forestales.<\/p>\n<p>Esta nueva realidad termin\u00f3 de consumar el desplazamiento y reducci\u00f3n de los pueblos originarios, que a\u00fan resist\u00edan y persist\u00edan en la defensa de su derecho a habitar y permanecer en las tierras de sus ancestros. La Comandancia General de la Frontera Norte, a cargo de Manuel Obligado, complementada por los avances fronterizos por el Coronel Jobson, fue particularmente violenta e implacable en la persecuci\u00f3n de los pueblos originarios, asegurando al mercado tierras a precios irrisorios para su explotaci\u00f3n.<\/p>\n<p>La ganader\u00eda, favorecida por los pastizales naturales, es una de las actividades caracter\u00edsticas de la zona, a la que se agregan cultivos agr\u00edcolas, algunas industrias importantes, y una numerosa cantidad de peque\u00f1as y medianas empresas, cooperativas y emprendedores.<\/p>\n<p>La Cu\u00f1a Boscosa en el centro, los Bajos Submeridionales hacia el oeste, y el valle del R\u00edo Paran\u00e1 y el Jaaukanig\u00e1s hacia el este, ofrecen una diversidad de ecosistemas. El tipo de clima y las alternancias entre lluvias y sequ\u00edas, tambi\u00e9n son caracter\u00edsticas compartidas.<br \/>\nNo obstante las condiciones ecol\u00f3gicas, sociales y econ\u00f3micas favorables para el desarrollo, el desequilibrio territorial entre norte y sur contin\u00faa siendo un desaf\u00edo para Santa Fe. En este norte que habitamos, las distancias son extensas y en muchos casos deben recorrerse por caminos de tierra o ripio, en especial para llegar desde la ruralidad a los bienes, servicios y actividades que s\u00f3lo las principales y escasas ciudades de la regi\u00f3n ofrecen.<\/p>\n<p>En t\u00e9rminos de infraestructura y oportunidades, las asimetr\u00edas tambi\u00e9n siguen presentes.<br \/>\nAlgunos de los elementos mencionados provocan y resultan, a la vez, condicionantes estructurales que obstaculizan el desarrollo de los pueblos, aunque superados por el esfuerzo y la creatividad de sus habitantes.<\/p>\n<p>El (des)equilibrio territorial<\/p>\n<p>Sin desconocer los recursos y potencialidades de la regi\u00f3n, pero a fin de abordar los desequilibrios antes mencionados es que entre 2016 y 2019 el Gobierno de Santa Fe, a cargo entonces del Ing. Miguel Lifschitz, implement\u00f3 el \u201cPlan del Norte\u201d, una pol\u00edtica de escala regional destinada a los departamentos 9 de Julio, Vera y General Obligado, que retom\u00f3 lo contemplado en el Plan Estrat\u00e9gico Provincial, actualiz\u00e1ndolo a trav\u00e9s de una serie de instancias participativas junto a actores p\u00fablicos y privados, de lo que resultaron 130 proyectos definidos para la transformaci\u00f3n de la regi\u00f3n.<\/p>\n<p>Se trat\u00f3 de la acci\u00f3n m\u00e1s concreta en la historia reciente de Santa Fe destinada a lograr la aclamada \u201creparaci\u00f3n hist\u00f3rica\u201d del norte, que todos los sectores pol\u00edticos de la provincia expresamos entender justa y necesaria. Y ello realizado de una perspectiva de desarrollo integral, que comprend\u00eda no s\u00f3lo obras de infraestructura y pol\u00edticas producti\u00acvas, sino tambi\u00e9n po\u00acl\u00edticas sociales, la educaci\u00f3n, la salud, la vivienda, el medioambiente, la cultura, el deporte, el abordaje de la seguridad y la violencia.<\/p>\n<p>En este marco, se procur\u00f3 en aquellos a\u00f1os la incorporaci\u00f3n del norte santafesino al Plan Belgrano impulsado por el gobierno nacional. De las m\u00faltiples gestiones realizadas por distintos funcionarios, todas con sus correspondientes fundamentos y propuestas, no se obtuvieron respuestas positivas, negando a la regi\u00f3n el acceso a los beneficios que esta iniciativa ofrec\u00eda.<\/p>\n<p>El Plan del Norte, por su parte, logr\u00f3 significativos avances, monitoreados y registrados en distintos documentos por el Centro de Implementaci\u00f3n de Pol\u00edticas P\u00fablicas para la Equidad y el Crecimiento (CIPPEC). No obstante tales logros, el norte a\u00fan requiere de una atenci\u00f3n diferenciada para lograr una provincia equilibrada y con igualdad de oportunidades para cada uno de sus habitantes. La voluntad pol\u00edtica y la Regi\u00f3n Litoral son un buen augurio en tal sentido.<\/p>\n<p>Conexiones transversales<\/p>\n<p>La conectividad en general, y en particular una ruta transversal, es una de las grandes apuestas necesarias para potenciar al norte.<\/p>\n<p>La pavimentaci\u00f3n, recientemente anunciada por el gobernador, del \u00faltimo tramo pendiente de la Ruta Provincial N\u00b0 3, que atraviesa el departamento Vera de norte a sur, uniendo la ciudad cabecera con la localidad de Los Amores, ya al l\u00edmite con la provincia de Chaco, es una obra fundamental para mejorar la conexi\u00f3n interprovincial, generando m\u00e1s desarrollo para todos los pueblos a su alrededor, no s\u00f3lo econ\u00f3mico, sino en t\u00e9rminos de oportunidades laborales, de estudio, y de acceso a servicios esenciales como la salud.<\/p>\n<p>En el mismo sentido, imaginemos un escenario en el que exista una ruta transversal que permita conectar Santiago del Estero, Santa Fe y Chaco, para poder transportar la producci\u00f3n de manera m\u00e1s eficiente y menos costosa, aprovechando tambi\u00e9n los puertos santafesinos, especialmente Puerto Ocampo, pero tambi\u00e9n los mercados de los pa\u00edses lim\u00edtrofes.<\/p>\n<p>Particularmente creo que la Ruta Provincial N\u00b0 30 es clave para cumplir ese rol, beneficiando enormemente a los tres departamentos del norte y sin dudas tambi\u00e9n a las provincias vecinas, por el conjunto de externalidades que significar\u00eda.<\/p>\n<p>El Litoral amplio<\/p>\n<p>El norte santafesino coincide no s\u00f3lo con la provincia de Corrientes, sino tambi\u00e9n con otras de la regi\u00f3n chaque\u00f1a, en caracter\u00edsticas sociales, ambientales y productivas que les son comunes, como tambi\u00e9n en una serie de necesidades.<\/p>\n<p>Como verense y nortefesino celebro y acompa\u00f1o la decisi\u00f3n pol\u00edtica de los gobernadores para abordar de manera conjunta las problem\u00e1ticas compartidas, iniciando un camino al que pronto puedan incorporarse otras jurisdicciones como Chaco, Santiago del Estero, Misiones y Formosa.<\/p>\n<p>Es central tambi\u00e9n que la mirada de los actores relevantes por su actividad y representaci\u00f3n social o territorial sea incorporada para pensar el desarrollo territorial y, a partir de all\u00ed, continuar impulsando iniciativas concretas.<\/p>\n<p>Otros proyectos para la regi\u00f3n que sin duda pueden lograr un fuerte impulso con estrategias comunes son la Hidrov\u00eda Paran\u00e1-Paraguay, la Autopista Ruta Nacional N\u00b0 11, el puente Reconquista &#8211; Goya, el Gasoducto del noreste argentino, y la comunicaci\u00f3n ferroviaria, por nombrar s\u00f3lo algunos.<\/p>\n<p>Esperamos que esta iniciativa interprovincial encuentre en otros niveles de gobierno un aporte a su determinaci\u00f3n para la concreci\u00f3n de estas obras tan esperadas y que cada uno de nosotros se entienda parte de esta misi\u00f3n. Es momento de que el norte se asuma nuevamente protagonista de su propio desarrollo.<\/p>\n","protected":false},"excerpt":{"rendered":"<p>Por Sergio \u201cChiqui\u201d Rojas &#8211; Diputado de Santa Fe El pasado 15 de agosto en la ciudad de Villa Ocampo, los gobernadores de Santa Fe, Maximiliano Pullaro, y de Corrientes, Gustavo Vald\u00e9s, firmaron un acta compromiso para la creaci\u00f3n de la Regi\u00f3n Litoral, un nuevo espacio interjurisdiccional destinado a definir estrategias y proyectos comunes, con [&hellip;]<\/p>\n","protected":false},"author":3,"featured_media":54408,"comment_status":"closed","ping_status":"closed","sticky":false,"template":"","format":"standard","meta":{"_joinchat":[],"footnotes":""},"categories":[58,53],"tags":[],"class_list":{"0":"post-54407","1":"post","2":"type-post","3":"status-publish","4":"format-standard","5":"has-post-thumbnail","7":"category-opinion","8":"category-vera"},"_links":{"self":[{"href":"https:\/\/infovera.com.ar\/web\/wp-json\/wp\/v2\/posts\/54407","targetHints":{"allow":["GET"]}}],"collection":[{"href":"https:\/\/infovera.com.ar\/web\/wp-json\/wp\/v2\/posts"}],"about":[{"href":"https:\/\/infovera.com.ar\/web\/wp-json\/wp\/v2\/types\/post"}],"author":[{"embeddable":true,"href":"https:\/\/infovera.com.ar\/web\/wp-json\/wp\/v2\/users\/3"}],"replies":[{"embeddable":true,"href":"https:\/\/infovera.com.ar\/web\/wp-json\/wp\/v2\/comments?post=54407"}],"version-history":[{"count":0,"href":"https:\/\/infovera.com.ar\/web\/wp-json\/wp\/v2\/posts\/54407\/revisions"}],"wp:featuredmedia":[{"embeddable":true,"href":"https:\/\/infovera.com.ar\/web\/wp-json\/wp\/v2\/media\/54408"}],"wp:attachment":[{"href":"https:\/\/infovera.com.ar\/web\/wp-json\/wp\/v2\/media?parent=54407"}],"wp:term":[{"taxonomy":"category","embeddable":true,"href":"https:\/\/infovera.com.ar\/web\/wp-json\/wp\/v2\/categories?post=54407"},{"taxonomy":"post_tag","embeddable":true,"href":"https:\/\/infovera.com.ar\/web\/wp-json\/wp\/v2\/tags?post=54407"}],"curies":[{"name":"wp","href":"https:\/\/api.w.org\/{rel}","templated":true}]}}