{"id":54383,"date":"2024-08-22T23:58:46","date_gmt":"2024-08-23T02:58:46","guid":{"rendered":"https:\/\/infovera.com.ar\/web\/?p=54383"},"modified":"2024-08-23T09:25:52","modified_gmt":"2024-08-23T12:25:52","slug":"prorrogaron-la-prision-preventiva-para-el-imputado-por-el-atroz-crimen-de-mimi-burella","status":"publish","type":"post","link":"https:\/\/infovera.com.ar\/web\/2024\/08\/22\/prorrogaron-la-prision-preventiva-para-el-imputado-por-el-atroz-crimen-de-mimi-burella\/","title":{"rendered":"Prorrogaron la prisi\u00f3n preventiva para el imputado por el atroz crimen de MImi Burella"},"content":{"rendered":"<p>En el dia de hoy se realiz\u00f3 audiencia donde se dict\u00f3 la pr\u00f3rroga extraordinaria de la prision preventiva de Ulises Troncoso, detenido por el homicidio de Noem\u00ed Burella.<\/p>\n<p>En raz\u00f3n de estar pr\u00f3ximo a vencer los dos a\u00f1os de prisi\u00f3n preventiva el fiscal Maglier solicit\u00f3 la pr\u00f3rroga que fue concedida por un a\u00f1o mas.<\/p>\n<p>En la audiencia estuvieron presentes la hija de la v\u00edctima Rosana Burella y la apoderada de la querellante.<\/p>\n<p>Por la defensa actu\u00f3 el Dr. Mat\u00edas Daruich del Sppdp.<\/p>\n<p>El jiez Gustavo Gon fundament\u00f3 en los riesgos de fuga y entorpecimiento probatorio su decisorio.<\/p>\n<p>La presente causa podr\u00eda ser una de los primeros juicios por jurados a realizarse en la circunscripci\u00f3n en consideraci\u00f3n de la calificaci\u00f3n legal imputada.<\/p>\n","protected":false},"excerpt":{"rendered":"<p>En el dia de hoy se realiz\u00f3 audiencia donde se dict\u00f3 la pr\u00f3rroga extraordinaria de la prision preventiva de Ulises Troncoso, detenido por el homicidio de Noem\u00ed Burella. En raz\u00f3n de estar pr\u00f3ximo a vencer los dos a\u00f1os de prisi\u00f3n preventiva el fiscal Maglier solicit\u00f3 la pr\u00f3rroga que fue concedida por un a\u00f1o mas. En [&hellip;]<\/p>\n","protected":false},"author":3,"featured_media":42890,"comment_status":"closed","ping_status":"closed","sticky":false,"template":"","format":"standard","meta":{"_joinchat":[],"footnotes":""},"categories":[53],"tags":[],"class_list":{"0":"post-54383","1":"post","2":"type-post","3":"status-publish","4":"format-standard","5":"has-post-thumbnail","7":"category-vera"},"_links":{"self":[{"href":"https:\/\/infovera.com.ar\/web\/wp-json\/wp\/v2\/posts\/54383","targetHints":{"allow":["GET"]}}],"collection":[{"href":"https:\/\/infovera.com.ar\/web\/wp-json\/wp\/v2\/posts"}],"about":[{"href":"https:\/\/infovera.com.ar\/web\/wp-json\/wp\/v2\/types\/post"}],"author":[{"embeddable":true,"href":"https:\/\/infovera.com.ar\/web\/wp-json\/wp\/v2\/users\/3"}],"replies":[{"embeddable":true,"href":"https:\/\/infovera.com.ar\/web\/wp-json\/wp\/v2\/comments?post=54383"}],"version-history":[{"count":0,"href":"https:\/\/infovera.com.ar\/web\/wp-json\/wp\/v2\/posts\/54383\/revisions"}],"wp:featuredmedia":[{"embeddable":true,"href":"https:\/\/infovera.com.ar\/web\/wp-json\/wp\/v2\/media\/42890"}],"wp:attachment":[{"href":"https:\/\/infovera.com.ar\/web\/wp-json\/wp\/v2\/media?parent=54383"}],"wp:term":[{"taxonomy":"category","embeddable":true,"href":"https:\/\/infovera.com.ar\/web\/wp-json\/wp\/v2\/categories?post=54383"},{"taxonomy":"post_tag","embeddable":true,"href":"https:\/\/infovera.com.ar\/web\/wp-json\/wp\/v2\/tags?post=54383"}],"curies":[{"name":"wp","href":"https:\/\/api.w.org\/{rel}","templated":true}]}}