{"id":54368,"date":"2024-08-21T14:14:31","date_gmt":"2024-08-21T17:14:31","guid":{"rendered":"https:\/\/infovera.com.ar\/web\/?p=54368"},"modified":"2024-08-21T14:14:31","modified_gmt":"2024-08-21T17:14:31","slug":"segunda-edicion-del-pulguitas","status":"publish","type":"post","link":"https:\/\/infovera.com.ar\/web\/2024\/08\/21\/segunda-edicion-del-pulguitas\/","title":{"rendered":"Segunda edici\u00f3n del &#8220;Pulguitas&#8221;"},"content":{"rendered":"<p>Por segundo a\u00f1o consecutivo se disputar\u00e1 este Torneo Infantil Mixto organizado por la Asociaci\u00f3n Civil \u201cTeresa Misionera de la Caridad\u201d, a trav\u00e9s de su Escuela de Iniciaci\u00f3n Deportiva \u201cLas Pulguitas\u201d.<\/p>\n<p>El presidente de la entidad, Leandro Barbona expres\u00f3 su felicidad y orgullo de poder volver a organizar este evento que convoca a 40 equipos de la regi\u00f3n con la participaci\u00f3n de unos 700 chicos, de 3 a 14 a\u00f1os, distribuidos en distintas categor\u00edas pero no todas son competitivas.<\/p>\n<p>\u201cLa realizaci\u00f3n de este torneo es una se\u00f1al de crecimiento y marca tambi\u00e9n el inicio de los festejos de nuestro D\u00e9cimo Aniversario\u201d, se\u00f1al\u00f3 Barbona, que quiso compartir el anuncio con los padres y profesores que tienen la responsabilidad de iniciarlos en un deporte tan popular como es el f\u00fatbol.<\/p>\n<p>El evento se desarrollar\u00e1 en el estadio del Club Hurac\u00e1n el pr\u00f3ximo domingo 25 de agosto a partir de las 8,30; por lo que tambi\u00e9n se hizo p\u00fablico el agradecimiento a este club que ofrece todas las garant\u00edas en materia de comodidad y seguridad para todos los participantes.<\/p>\n<p>Esta edici\u00f3n tambi\u00e9n cuenta con el aval del Concejo Municipal que lo declar\u00f3 \u201cde Inter\u00e9s municipal y deportivo\u201d, cuya resoluci\u00f3n fue entregada por los ediles Federico Moral, Luis Fabris y Marcos Rubianes, en el acto de presentaci\u00f3n al que tambi\u00e9n asisti\u00f3 la secretaria de Desarrollo Humano Jorgelina Vel\u00e1zquez.<\/p>\n<p>Letyana Press<\/p>\n","protected":false},"excerpt":{"rendered":"<p>Por segundo a\u00f1o consecutivo se disputar\u00e1 este Torneo Infantil Mixto organizado por la Asociaci\u00f3n Civil \u201cTeresa Misionera de la Caridad\u201d, a trav\u00e9s de su Escuela de Iniciaci\u00f3n Deportiva \u201cLas Pulguitas\u201d. El presidente de la entidad, Leandro Barbona expres\u00f3 su felicidad y orgullo de poder volver a organizar este evento que convoca a 40 equipos de [&hellip;]<\/p>\n","protected":false},"author":3,"featured_media":54369,"comment_status":"closed","ping_status":"closed","sticky":false,"template":"","format":"standard","meta":{"_joinchat":[],"footnotes":""},"categories":[31,53],"tags":[],"class_list":{"0":"post-54368","1":"post","2":"type-post","3":"status-publish","4":"format-standard","5":"has-post-thumbnail","7":"category-deportes","8":"category-vera"},"_links":{"self":[{"href":"https:\/\/infovera.com.ar\/web\/wp-json\/wp\/v2\/posts\/54368","targetHints":{"allow":["GET"]}}],"collection":[{"href":"https:\/\/infovera.com.ar\/web\/wp-json\/wp\/v2\/posts"}],"about":[{"href":"https:\/\/infovera.com.ar\/web\/wp-json\/wp\/v2\/types\/post"}],"author":[{"embeddable":true,"href":"https:\/\/infovera.com.ar\/web\/wp-json\/wp\/v2\/users\/3"}],"replies":[{"embeddable":true,"href":"https:\/\/infovera.com.ar\/web\/wp-json\/wp\/v2\/comments?post=54368"}],"version-history":[{"count":0,"href":"https:\/\/infovera.com.ar\/web\/wp-json\/wp\/v2\/posts\/54368\/revisions"}],"wp:featuredmedia":[{"embeddable":true,"href":"https:\/\/infovera.com.ar\/web\/wp-json\/wp\/v2\/media\/54369"}],"wp:attachment":[{"href":"https:\/\/infovera.com.ar\/web\/wp-json\/wp\/v2\/media?parent=54368"}],"wp:term":[{"taxonomy":"category","embeddable":true,"href":"https:\/\/infovera.com.ar\/web\/wp-json\/wp\/v2\/categories?post=54368"},{"taxonomy":"post_tag","embeddable":true,"href":"https:\/\/infovera.com.ar\/web\/wp-json\/wp\/v2\/tags?post=54368"}],"curies":[{"name":"wp","href":"https:\/\/api.w.org\/{rel}","templated":true}]}}