{"id":54350,"date":"2024-08-21T10:38:36","date_gmt":"2024-08-21T13:38:36","guid":{"rendered":"https:\/\/infovera.com.ar\/web\/?p=54350"},"modified":"2024-08-21T10:46:36","modified_gmt":"2024-08-21T13:46:36","slug":"santa-fe-aca-estara-en-la-ciudad-de-vera","status":"publish","type":"post","link":"https:\/\/infovera.com.ar\/web\/2024\/08\/21\/santa-fe-aca-estara-en-la-ciudad-de-vera\/","title":{"rendered":"\u201cSanta Fe Ac\u00e1\u201d estar\u00e1 en la ciudad de Vera"},"content":{"rendered":"<p>El dispositivo itinerante interministerial del Gobierno de la Provincia, llega a la ciudad de Vera para brindar en el territorio, varios servicios del Estado.<\/p>\n<p>En articulaci\u00f3n con la Municipalidad de Vera, este programa se instalar\u00e1 en el Punto Violeta (Estanislao L\u00f3pez y Alem) de nuestra ciudad, el d\u00eda viernes 23 de agosto a partir de las 10 hs. y hasta las 15 hs. para que los vecinos puedan acceder a tr\u00e1mites del estado en su territorio.<\/p>\n<p>Los servicios que se van a brindar son:<\/p>\n<p>&#8211; Tramitaci\u00f3n de DNI y Partidas<\/p>\n<p>&#8211; Asistencia ciudadana para tr\u00e1mites: Certificado de Discapacidad, Regularizaci\u00f3n Dominial, Tarjeta \u00danica de Ciudadan\u00eda, entre otros<\/p>\n<p>&#8211; Tramitaci\u00f3n del Boleto Educativo<\/p>\n<p>&#8211; Juventudes<\/p>\n<p>&#8211; APRECOD: consumos problem\u00e1ticos<\/p>\n<p>&#8211; Vacunaci\u00f3n, testeos r\u00e1pidos, consejer\u00eda y salud bucal<\/p>\n<p>&#8211; Operativo Dengue<\/p>\n<p>&#8211; Intervenci\u00f3n art\u00edstica del CAF<\/p>\n<p>&#8211; Servicios de la Municipalidad de Vera:<\/p>\n<p>&#8211; Solicitud de turnos para castraciones gratuitas<\/p>\n<p>&#8211; Desparasitaci\u00f3n de mascotas (no llevarlas, se entregar\u00e1 comprimido)<\/p>\n<p>&#8211; Corte de pelo para ni\u00f1os<\/p>\n","protected":false},"excerpt":{"rendered":"<p>El dispositivo itinerante interministerial del Gobierno de la Provincia, llega a la ciudad de Vera para brindar en el territorio, varios servicios del Estado. En articulaci\u00f3n con la Municipalidad de Vera, este programa se instalar\u00e1 en el Punto Violeta (Estanislao L\u00f3pez y Alem) de nuestra ciudad, el d\u00eda viernes 23 de agosto a partir de [&hellip;]<\/p>\n","protected":false},"author":3,"featured_media":54351,"comment_status":"closed","ping_status":"closed","sticky":false,"template":"","format":"standard","meta":{"_joinchat":[],"footnotes":""},"categories":[53],"tags":[],"class_list":{"0":"post-54350","1":"post","2":"type-post","3":"status-publish","4":"format-standard","5":"has-post-thumbnail","7":"category-vera"},"_links":{"self":[{"href":"https:\/\/infovera.com.ar\/web\/wp-json\/wp\/v2\/posts\/54350","targetHints":{"allow":["GET"]}}],"collection":[{"href":"https:\/\/infovera.com.ar\/web\/wp-json\/wp\/v2\/posts"}],"about":[{"href":"https:\/\/infovera.com.ar\/web\/wp-json\/wp\/v2\/types\/post"}],"author":[{"embeddable":true,"href":"https:\/\/infovera.com.ar\/web\/wp-json\/wp\/v2\/users\/3"}],"replies":[{"embeddable":true,"href":"https:\/\/infovera.com.ar\/web\/wp-json\/wp\/v2\/comments?post=54350"}],"version-history":[{"count":0,"href":"https:\/\/infovera.com.ar\/web\/wp-json\/wp\/v2\/posts\/54350\/revisions"}],"wp:featuredmedia":[{"embeddable":true,"href":"https:\/\/infovera.com.ar\/web\/wp-json\/wp\/v2\/media\/54351"}],"wp:attachment":[{"href":"https:\/\/infovera.com.ar\/web\/wp-json\/wp\/v2\/media?parent=54350"}],"wp:term":[{"taxonomy":"category","embeddable":true,"href":"https:\/\/infovera.com.ar\/web\/wp-json\/wp\/v2\/categories?post=54350"},{"taxonomy":"post_tag","embeddable":true,"href":"https:\/\/infovera.com.ar\/web\/wp-json\/wp\/v2\/tags?post=54350"}],"curies":[{"name":"wp","href":"https:\/\/api.w.org\/{rel}","templated":true}]}}