{"id":54320,"date":"2024-08-20T11:44:38","date_gmt":"2024-08-20T14:44:38","guid":{"rendered":"https:\/\/infovera.com.ar\/web\/?p=54320"},"modified":"2024-08-21T10:42:53","modified_gmt":"2024-08-21T13:42:53","slug":"el-ministro-de-trabajo-se-reunio-con-trabajadores-suspendidos-de-la-ruta-11","status":"publish","type":"post","link":"https:\/\/infovera.com.ar\/web\/2024\/08\/20\/el-ministro-de-trabajo-se-reunio-con-trabajadores-suspendidos-de-la-ruta-11\/","title":{"rendered":"El ministro de Trabajo se reuni\u00f3 con trabajadores suspendidos de la Ruta 11"},"content":{"rendered":"<p>Roald B\u00e1scolo dialog\u00f3 con los operarios de la empresa COINGSA S.A. que fueron parados por 15 d\u00edas.<\/p>\n<p>El ministro de Trabajo de la provincia, Roald &#8220;Coco&#8221; B\u00e1scolo, se interes\u00f3 por la situaci\u00f3n de los trabajadores de la constructora encargada de la reparar la Ruta 11 en el tramo Gdor. Crespo &#8211; Avellaneda, que recibieron una nota con la notificaci\u00f3n de cese de actividades por el lapso de 15 d\u00edas.<\/p>\n<p>El funcionario, en viaje a Rafaela por cuestiones de agenda, pas\u00f3 por el obrador instalado en Calchaqu\u00ed y mantuvo un di\u00e1logo con los contratados y con el delegado de la UOCRA, Rodrigo Saravia.<\/p>\n<p><iframe loading=\"lazy\" title=\"El ministro de Trabajo se reuni\u00f3 con trabajadores suspendidos de la Ruta 11\" width=\"696\" height=\"392\" src=\"https:\/\/www.youtube.com\/embed\/SioudTgmsqk?feature=oembed\" frameborder=\"0\" allow=\"accelerometer; autoplay; clipboard-write; encrypted-media; gyroscope; picture-in-picture; web-share\" referrerpolicy=\"strict-origin-when-cross-origin\" allowfullscreen><\/iframe><\/p>\n<p>&#8220;Nosotros estuvimos ayer con el ministro de Obras P\u00fablicas, Lisandro Enrico, y nos anoticiamos de este tema, de esta obra nacional, una de las pocas obras que el gobierno nacional reactiv\u00f3 en la provincia de Santa Fe&#8221;, mencion\u00f3 B\u00e1scolo, en tanto sostuvo que de trata de &#8220;una obra prioritaria, no solamente por las condiciones de trabajo, sino tambi\u00e9n por las condiciones de seguridad que se vive en la ruta hoy&#8221;.<\/p>\n<p>El titular de la cartera laboral consider\u00f3 que &#8220;esta suspensi\u00f3n no corresponde, no solamente por la protecci\u00f3n laboral, sino tambi\u00e9n por el riesgo que significa dejar en estas condiciones la ruta en medio del trabajo que se ven\u00eda haciendo&#8221;.<\/p>\n<p>El ministro Enrico se contact\u00f3 anoche ya con Vialidad Nacional y &#8220;desde nuestro ministerio tenemos una audiencia programada para el d\u00eda 23 de agosto, y la idea es que la obra se va a reactivar&#8221;, manifest\u00f3.<\/p>\n<p>M\u00e1s adelante, puso en claro que &#8220;la mayor\u00eda de las obras p\u00fablicas que se est\u00e1n ejecutando en Santa Fe son todas provinciales&#8221;, y como contrapartida se\u00f1al\u00f3 que &#8220;son muy pocas las obras nacionales que se est\u00e1n llevando adelante. Una de ellas es esta y es la que se suspende, tenemos entendido por una falta de pago que hay de Vialidad Nacional hacia la empresa&#8221;.<\/p>\n<p>Finalmente, subray\u00f3 que &#8220;en eso est\u00e1 trabajando el Ministro de Obras P\u00fablicas y nosotros tambi\u00e9n vamos a hacer lo posible para que esta obra se reactive&#8221;.<\/p>\n<p>Por su parte, el representante gremial Rodrigo Saravia se esperanz\u00f3 en que &#8220;ojal\u00e1 que se normalice&#8221;, y agradeci\u00f3 la presencia del ministro.<\/p>\n<p><strong>Conciliaci\u00f3n<\/strong><\/p>\n<p>La Delegaci\u00f3n Vera del Ministerio de Trabajo de la provincia fij\u00f3 para el pr\u00f3ximo viernes a las 11 una audiencia conciliatoria entre la empresa COINGSA S.A. y la UOCRA tras la suspensi\u00f3n de 17 operarios que prestaban servicios en la reparaci\u00f3n de la Ruta 11, en el tramo Gdor. Crespo &#8211; Avellaneda; y tambi\u00e9n en los trabajos de mejoras en la Ruta A009, de acceso a Puerto Reconquista.<\/p>\n<p>La medida fue dispuesta a ra\u00edz de la presentaci\u00f3n del gremio a trav\u00e9s de su secretario de Actas, Ricardo Ben\u00edtez, en la ma\u00f1ana del lunes.<\/p>\n<p>El sindicato sali\u00f3 en defensa del grupo de trabajadores afectados del obrador ubicado en Calchaqu\u00ed, que recibieron una notificaci\u00f3n de parte de la firma oriunda de la provincia de Buenos Aires de cesaci\u00f3n de las tareas por 15 d\u00edas, lo que deriv\u00f3 en que las obras de bacheos y anexas se hayan paralizado. La raz\u00f3n expuesta por COINSA S.A. es el atraso en el pago de certificados de obra.<\/p>\n<p>Foto y video: Gentileza Walter Cardonatti &#8211; La 95<\/p>\n","protected":false},"excerpt":{"rendered":"<p>Roald B\u00e1scolo dialog\u00f3 con los operarios de la empresa COINGSA S.A. que fueron parados por 15 d\u00edas. El ministro de Trabajo de la provincia, Roald &#8220;Coco&#8221; B\u00e1scolo, se interes\u00f3 por la situaci\u00f3n de los trabajadores de la constructora encargada de la reparar la Ruta 11 en el tramo Gdor. Crespo &#8211; Avellaneda, que recibieron una [&hellip;]<\/p>\n","protected":false},"author":3,"featured_media":54322,"comment_status":"closed","ping_status":"closed","sticky":false,"template":"","format":"standard","meta":{"_joinchat":[],"footnotes":""},"categories":[52],"tags":[],"class_list":{"0":"post-54320","1":"post","2":"type-post","3":"status-publish","4":"format-standard","5":"has-post-thumbnail","7":"category-calchaqui"},"_links":{"self":[{"href":"https:\/\/infovera.com.ar\/web\/wp-json\/wp\/v2\/posts\/54320","targetHints":{"allow":["GET"]}}],"collection":[{"href":"https:\/\/infovera.com.ar\/web\/wp-json\/wp\/v2\/posts"}],"about":[{"href":"https:\/\/infovera.com.ar\/web\/wp-json\/wp\/v2\/types\/post"}],"author":[{"embeddable":true,"href":"https:\/\/infovera.com.ar\/web\/wp-json\/wp\/v2\/users\/3"}],"replies":[{"embeddable":true,"href":"https:\/\/infovera.com.ar\/web\/wp-json\/wp\/v2\/comments?post=54320"}],"version-history":[{"count":0,"href":"https:\/\/infovera.com.ar\/web\/wp-json\/wp\/v2\/posts\/54320\/revisions"}],"wp:featuredmedia":[{"embeddable":true,"href":"https:\/\/infovera.com.ar\/web\/wp-json\/wp\/v2\/media\/54322"}],"wp:attachment":[{"href":"https:\/\/infovera.com.ar\/web\/wp-json\/wp\/v2\/media?parent=54320"}],"wp:term":[{"taxonomy":"category","embeddable":true,"href":"https:\/\/infovera.com.ar\/web\/wp-json\/wp\/v2\/categories?post=54320"},{"taxonomy":"post_tag","embeddable":true,"href":"https:\/\/infovera.com.ar\/web\/wp-json\/wp\/v2\/tags?post=54320"}],"curies":[{"name":"wp","href":"https:\/\/api.w.org\/{rel}","templated":true}]}}