{"id":54299,"date":"2024-08-19T10:42:21","date_gmt":"2024-08-19T13:42:21","guid":{"rendered":"https:\/\/infovera.com.ar\/web\/?p=54299"},"modified":"2024-08-19T17:41:56","modified_gmt":"2024-08-19T20:41:56","slug":"el-municipio-celebro-el-dia-del-nino-en-santa-lucia-y-espin","status":"publish","type":"post","link":"https:\/\/infovera.com.ar\/web\/2024\/08\/19\/el-municipio-celebro-el-dia-del-nino-en-santa-lucia-y-espin\/","title":{"rendered":"El municipio celebr\u00f3 el D\u00eda del Ni\u00f1o en Santa Luc\u00eda y Esp\u00edn"},"content":{"rendered":"<p>La Municipalidad de Vera comparti\u00f3 en sus redes sociales im\u00e1genes de los festejos en el distrito, proyectando que el pr\u00f3ximo fin de semana cerrar\u00e1 el &#8220;Mes de las Infancias&#8221; en Caraguatay y en Vera.<\/p>\n<p>En Santa Luc\u00eda y Esp\u00edn, los chicos de estas comunidades, junto a los de El Cerrito y Km 70800, vivieron momentos inolvidables.<\/p>\n<p>Las familias compartieron un bingo con premios espectaculares, llenando de risas y emoci\u00f3n cada rinc\u00f3n.<\/p>\n<p>Adem\u00e1s, en Santa Luc\u00eda, los peque\u00f1os se convirtieron en exploradores: armaron sus propias carpas, disfrutaron de una fogata m\u00e1gica y se dejaron llevar por hermosas historias bajo las estrellas.<\/p>\n<p>\u00a1Gracias a todos por ser parte de esta celebraci\u00f3n tan especial!<\/p>\n<p>El pr\u00f3ximo fin de semana cerramos las celebraciones en Caraguatay (junto a ni\u00f1os y familias de Ogilvie) y en Plaza Independencia.<\/p>\n","protected":false},"excerpt":{"rendered":"<p>La Municipalidad de Vera comparti\u00f3 en sus redes sociales im\u00e1genes de los festejos en el distrito, proyectando que el pr\u00f3ximo fin de semana cerrar\u00e1 el &#8220;Mes de las Infancias&#8221; en Caraguatay y en Vera. En Santa Luc\u00eda y Esp\u00edn, los chicos de estas comunidades, junto a los de El Cerrito y Km 70800, vivieron momentos [&hellip;]<\/p>\n","protected":false},"author":3,"featured_media":54300,"comment_status":"closed","ping_status":"closed","sticky":false,"template":"","format":"standard","meta":{"_joinchat":[],"footnotes":""},"categories":[53],"tags":[],"class_list":{"0":"post-54299","1":"post","2":"type-post","3":"status-publish","4":"format-standard","5":"has-post-thumbnail","7":"category-vera"},"_links":{"self":[{"href":"https:\/\/infovera.com.ar\/web\/wp-json\/wp\/v2\/posts\/54299","targetHints":{"allow":["GET"]}}],"collection":[{"href":"https:\/\/infovera.com.ar\/web\/wp-json\/wp\/v2\/posts"}],"about":[{"href":"https:\/\/infovera.com.ar\/web\/wp-json\/wp\/v2\/types\/post"}],"author":[{"embeddable":true,"href":"https:\/\/infovera.com.ar\/web\/wp-json\/wp\/v2\/users\/3"}],"replies":[{"embeddable":true,"href":"https:\/\/infovera.com.ar\/web\/wp-json\/wp\/v2\/comments?post=54299"}],"version-history":[{"count":0,"href":"https:\/\/infovera.com.ar\/web\/wp-json\/wp\/v2\/posts\/54299\/revisions"}],"wp:featuredmedia":[{"embeddable":true,"href":"https:\/\/infovera.com.ar\/web\/wp-json\/wp\/v2\/media\/54300"}],"wp:attachment":[{"href":"https:\/\/infovera.com.ar\/web\/wp-json\/wp\/v2\/media?parent=54299"}],"wp:term":[{"taxonomy":"category","embeddable":true,"href":"https:\/\/infovera.com.ar\/web\/wp-json\/wp\/v2\/categories?post=54299"},{"taxonomy":"post_tag","embeddable":true,"href":"https:\/\/infovera.com.ar\/web\/wp-json\/wp\/v2\/tags?post=54299"}],"curies":[{"name":"wp","href":"https:\/\/api.w.org\/{rel}","templated":true}]}}