{"id":54138,"date":"2024-08-12T09:59:21","date_gmt":"2024-08-12T12:59:21","guid":{"rendered":"https:\/\/infovera.com.ar\/web\/?p=54138"},"modified":"2024-08-12T19:25:23","modified_gmt":"2024-08-12T22:25:23","slug":"fabio-canciani-fue-el-mas-rapido-en-parana","status":"publish","type":"post","link":"https:\/\/infovera.com.ar\/web\/2024\/08\/12\/fabio-canciani-fue-el-mas-rapido-en-parana\/","title":{"rendered":"Gran victoria de Fabio Canciani en Paran\u00e1"},"content":{"rendered":"<p>Automovilismo Interprovincial.<\/p>\n<p>El piloto de Calchaqu\u00ed odrigo Nardelli fue el m\u00e1s destacado en el Car Show &#8220;Nuevas Ilusiones&#8221; en Paran\u00e1<\/p>\n<p>El piloto de Calchaqu\u00ed gan\u00f3 en la carrera del TC4000 en el Parque de Ilusiones de Paran\u00e1.<\/p>\n<p>Ubicaciones finales<\/p>\n<p>Clase 1<br \/>\n6\u00ba Rodrigo Nardelli (8\u00ba en la primera serie)<br \/>\n13\u00ba Adri\u00e1n Cima (8\u00ba en la segunda serie)<br \/>\n15\u00ba Juan Jos\u00e9 Fun (4\u00ba en la segunda serie)<br \/>\n17\u00ba Jos\u00e9 Ignacio Padu\u00e1n (7\u00ba en la segunda serie)<br \/>\n18\u00ba Hern\u00e1n Pastor (9\u00ba en la primera serie)<br \/>\nCarlos Longhi (mejor tiempo de clasificaci\u00f3n y 2\u00ba en la primera serie) fue excluido en la vuelta 4 por maniobra peligrosa contra Hern\u00e1n Ochetti<\/p>\n<p>TC 4000<br \/>\n1\u00ba Fabio Canciani con Chevy (tambi\u00e9n gan\u00f3 la serie \u00fanica y en en la previa hab\u00eda logrado la pole)<\/p>\n","protected":false},"excerpt":{"rendered":"<p>Automovilismo Interprovincial. El piloto de Calchaqu\u00ed odrigo Nardelli fue el m\u00e1s destacado en el Car Show &#8220;Nuevas Ilusiones&#8221; en Paran\u00e1 El piloto de Calchaqu\u00ed gan\u00f3 en la carrera del TC4000 en el Parque de Ilusiones de Paran\u00e1. Ubicaciones finales Clase 1 6\u00ba Rodrigo Nardelli (8\u00ba en la primera serie) 13\u00ba Adri\u00e1n Cima (8\u00ba en la [&hellip;]<\/p>\n","protected":false},"author":3,"featured_media":54139,"comment_status":"closed","ping_status":"closed","sticky":false,"template":"","format":"standard","meta":{"_joinchat":[],"footnotes":""},"categories":[31,62],"tags":[],"class_list":{"0":"post-54138","1":"post","2":"type-post","3":"status-publish","4":"format-standard","5":"has-post-thumbnail","7":"category-deportes","8":"category-nacionales"},"_links":{"self":[{"href":"https:\/\/infovera.com.ar\/web\/wp-json\/wp\/v2\/posts\/54138","targetHints":{"allow":["GET"]}}],"collection":[{"href":"https:\/\/infovera.com.ar\/web\/wp-json\/wp\/v2\/posts"}],"about":[{"href":"https:\/\/infovera.com.ar\/web\/wp-json\/wp\/v2\/types\/post"}],"author":[{"embeddable":true,"href":"https:\/\/infovera.com.ar\/web\/wp-json\/wp\/v2\/users\/3"}],"replies":[{"embeddable":true,"href":"https:\/\/infovera.com.ar\/web\/wp-json\/wp\/v2\/comments?post=54138"}],"version-history":[{"count":0,"href":"https:\/\/infovera.com.ar\/web\/wp-json\/wp\/v2\/posts\/54138\/revisions"}],"wp:featuredmedia":[{"embeddable":true,"href":"https:\/\/infovera.com.ar\/web\/wp-json\/wp\/v2\/media\/54139"}],"wp:attachment":[{"href":"https:\/\/infovera.com.ar\/web\/wp-json\/wp\/v2\/media?parent=54138"}],"wp:term":[{"taxonomy":"category","embeddable":true,"href":"https:\/\/infovera.com.ar\/web\/wp-json\/wp\/v2\/categories?post=54138"},{"taxonomy":"post_tag","embeddable":true,"href":"https:\/\/infovera.com.ar\/web\/wp-json\/wp\/v2\/tags?post=54138"}],"curies":[{"name":"wp","href":"https:\/\/api.w.org\/{rel}","templated":true}]}}