{"id":54079,"date":"2024-08-09T14:04:28","date_gmt":"2024-08-09T17:04:28","guid":{"rendered":"https:\/\/infovera.com.ar\/web\/?p=54079"},"modified":"2024-08-10T11:10:07","modified_gmt":"2024-08-10T14:10:07","slug":"condenaron-a-17-anos-de-prision-a-wally-duarte-por-el-sangriento-crimen-de-piti-soto","status":"publish","type":"post","link":"https:\/\/infovera.com.ar\/web\/2024\/08\/09\/condenaron-a-17-anos-de-prision-a-wally-duarte-por-el-sangriento-crimen-de-piti-soto\/","title":{"rendered":"Condenaron a 17 a\u00f1os de prisi\u00f3n a &#8220;Wally&#8221; Duarte por el sangriento crimen de &#8220;Piti&#8221; Soto"},"content":{"rendered":"<p>Fue en el marco de juicio abreviado que tuvo lugar en los Tribunales de Vera.<\/p>\n<p>Eduardo Mat\u00edas \u201cWally\u201d Duarte fue condenado a la pena de prisi\u00f3n por el cruento crimen de Gabriel &#8220;Piti&#8221; Soto, ocurrido el domingo 23 de aquel mes en las primeras horas de la ma\u00f1ana a la salida del boliche Odisea.<\/p>\n<p>El imputado fue hallado autor penalmente responsable de homicidio simple. Mientras tanto, Aar\u00f3n Benjam\u00edn Saavedra recibi\u00f3 una pena de 4 a\u00f1os y 6 meses de c\u00e1rcel como part\u00edcipe no necesario del homicidio.<\/p>\n<p>Ambas sentencias fueron fruto del acuerdo entre las partes, que fue homologado por el juez Mart\u00edn Gauna Chapero.<\/p>\n<p>El mi\u00e9rcoles 26 de octubre de 2022 Eduardo Duarte y Aaron Saavedra hab\u00edan sido imputados por el fiscal Aldo Gerosa como autores materiales del asesinato de Gabriel \u201cPiti\u201d Soto, ocurrido el domingo 23 de aquel mes en las primeras horas de la ma\u00f1ana. Seg\u00fan el resultado de la autopsia, Soto present\u00f3 4 pu\u00f1aladas, 2 en el coraz\u00f3n que fueron mortales.<\/p>\n<p>Lo abogados defensores de Duarte y Saavedra expresaron a <strong>InfoVera<\/strong>, tras el fallo, que &#8220;a nuestros defendidos le logramos convertir la calificaci\u00f3n legal provisoriamente escogida de homicidio agravado por alevos\u00eda a un homicidio simple, y dentro del homicidio simple que se le d\u00e9 a uno de ellos, Duarte, como autor material y penalmente responsable del hecho, 17 a\u00f1os de condena, o sea, es la media entre 8 y 25 a\u00f1os que establece el C\u00f3digo Penal. Y a Saavedra como part\u00edcipe no necesario 4 a\u00f1os y 6 meses&#8221;.<\/p>\n<p>Un dato relevante del caso es que el juez penal dej\u00f3 abierta la instancia civil para el reclamo de resarcimiento por la muerte contra los imputados y\/o contra terceros.<\/p>\n","protected":false},"excerpt":{"rendered":"<p>Fue en el marco de juicio abreviado que tuvo lugar en los Tribunales de Vera. Eduardo Mat\u00edas \u201cWally\u201d Duarte fue condenado a la pena de prisi\u00f3n por el cruento crimen de Gabriel &#8220;Piti&#8221; Soto, ocurrido el domingo 23 de aquel mes en las primeras horas de la ma\u00f1ana a la salida del boliche Odisea. El [&hellip;]<\/p>\n","protected":false},"author":3,"featured_media":54080,"comment_status":"closed","ping_status":"closed","sticky":false,"template":"","format":"standard","meta":{"_joinchat":[],"footnotes":""},"categories":[53],"tags":[],"class_list":{"0":"post-54079","1":"post","2":"type-post","3":"status-publish","4":"format-standard","5":"has-post-thumbnail","7":"category-vera"},"_links":{"self":[{"href":"https:\/\/infovera.com.ar\/web\/wp-json\/wp\/v2\/posts\/54079","targetHints":{"allow":["GET"]}}],"collection":[{"href":"https:\/\/infovera.com.ar\/web\/wp-json\/wp\/v2\/posts"}],"about":[{"href":"https:\/\/infovera.com.ar\/web\/wp-json\/wp\/v2\/types\/post"}],"author":[{"embeddable":true,"href":"https:\/\/infovera.com.ar\/web\/wp-json\/wp\/v2\/users\/3"}],"replies":[{"embeddable":true,"href":"https:\/\/infovera.com.ar\/web\/wp-json\/wp\/v2\/comments?post=54079"}],"version-history":[{"count":0,"href":"https:\/\/infovera.com.ar\/web\/wp-json\/wp\/v2\/posts\/54079\/revisions"}],"wp:featuredmedia":[{"embeddable":true,"href":"https:\/\/infovera.com.ar\/web\/wp-json\/wp\/v2\/media\/54080"}],"wp:attachment":[{"href":"https:\/\/infovera.com.ar\/web\/wp-json\/wp\/v2\/media?parent=54079"}],"wp:term":[{"taxonomy":"category","embeddable":true,"href":"https:\/\/infovera.com.ar\/web\/wp-json\/wp\/v2\/categories?post=54079"},{"taxonomy":"post_tag","embeddable":true,"href":"https:\/\/infovera.com.ar\/web\/wp-json\/wp\/v2\/tags?post=54079"}],"curies":[{"name":"wp","href":"https:\/\/api.w.org\/{rel}","templated":true}]}}