{"id":54075,"date":"2024-08-09T13:48:13","date_gmt":"2024-08-09T16:48:13","guid":{"rendered":"https:\/\/infovera.com.ar\/web\/?p=54075"},"modified":"2024-08-09T18:28:07","modified_gmt":"2024-08-09T21:28:07","slug":"vera-tiene-su-museo","status":"publish","type":"post","link":"https:\/\/infovera.com.ar\/web\/2024\/08\/09\/vera-tiene-su-museo\/","title":{"rendered":"Vera tiene su museo"},"content":{"rendered":"<p>El Museo de la ciudad de Vera funciona en el Complejo La Estaci\u00f3n, administrado por la Asociaci\u00f3n Civil \u201cTcnel. Juan Pedro Jobson\u201d.<\/p>\n<p>Posee un rico material que recupera el pasado desde el origen mismo de \u201cLa Curva\u201d con los primeros habitantes que convivieron con los abor\u00edgenes del lugar y dieron origen al caser\u00edo que se form\u00f3 en torno al paso de las v\u00edas del ferrocarril que se adentr\u00f3 en los montes llevando vida y dando nacimiento a otros pueblos que a\u00fan sobreviven, aunque el tren ya sea parte del pasado.<\/p>\n<p>Emiliano Wilhjelm es profesor de Historia y uno de los encargados de recibir a quienes lo visitan, principalmente delegaciones escolares, cuando las fechas motivan una exposici\u00f3n especial, aunque tambi\u00e9n se registraron forasteros ocasionales y hasta alg\u00fan extranjero de paso pudo apreciar la riqueza de lo expuesto.<\/p>\n<p>Sus puertas tambi\u00e9n se abren cuando los que emigraron regresan a su ciudad natal en busca de sus ra\u00edces o simplemente con el objetivo de \u201chacer turismo nost\u00e1lgico\u201d, en el lugar que les marc\u00f3 la vida y tejieron sue\u00f1os que los llevaron muy lejos, pero conservando siempre la idea fija del regreso.<\/p>\n<p>En su inventario se puede apreciar un invaluable material ferroviario proveniente de La Fraternidad, el museo original de lo que fuera escuela de conductores del Ferrocarril Belgrano, hoy convertida en Casa de la Cultura.<\/p>\n<p>La Asociaci\u00f3n Civil est\u00e1 presidida por Alicia Welschen, acompa\u00f1ada por Hayd\u00e9e Risso Patr\u00f3n y German Dayer entre sus principales colaboradores.<\/p>\n<p><a href=\"https:\/\/infovera.com.ar\/web\/wp-content\/uploads\/2024\/08\/2-3.jpeg\"><img loading=\"lazy\" decoding=\"async\" class=\"alignleft size-full wp-image-54077\" src=\"https:\/\/infovera.com.ar\/web\/wp-content\/uploads\/2024\/08\/2-3.jpeg\" alt=\"\" width=\"1102\" height=\"796\" srcset=\"https:\/\/infovera.com.ar\/web\/wp-content\/uploads\/2024\/08\/2-3.jpeg 1102w, https:\/\/infovera.com.ar\/web\/wp-content\/uploads\/2024\/08\/2-3-696x503.jpeg 696w, https:\/\/infovera.com.ar\/web\/wp-content\/uploads\/2024\/08\/2-3-1068x771.jpeg 1068w, https:\/\/infovera.com.ar\/web\/wp-content\/uploads\/2024\/08\/2-3-581x420.jpeg 581w, https:\/\/infovera.com.ar\/web\/wp-content\/uploads\/2024\/08\/2-3-324x235.jpeg 324w\" sizes=\"auto, (max-width: 1102px) 100vw, 1102px\" \/><\/a><\/p>\n<p>Letyana Press<\/p>\n","protected":false},"excerpt":{"rendered":"<p>El Museo de la ciudad de Vera funciona en el Complejo La Estaci\u00f3n, administrado por la Asociaci\u00f3n Civil \u201cTcnel. Juan Pedro Jobson\u201d. Posee un rico material que recupera el pasado desde el origen mismo de \u201cLa Curva\u201d con los primeros habitantes que convivieron con los abor\u00edgenes del lugar y dieron origen al caser\u00edo que se [&hellip;]<\/p>\n","protected":false},"author":3,"featured_media":54076,"comment_status":"closed","ping_status":"closed","sticky":false,"template":"","format":"standard","meta":{"_joinchat":[],"footnotes":""},"categories":[53],"tags":[],"class_list":{"0":"post-54075","1":"post","2":"type-post","3":"status-publish","4":"format-standard","5":"has-post-thumbnail","7":"category-vera"},"_links":{"self":[{"href":"https:\/\/infovera.com.ar\/web\/wp-json\/wp\/v2\/posts\/54075","targetHints":{"allow":["GET"]}}],"collection":[{"href":"https:\/\/infovera.com.ar\/web\/wp-json\/wp\/v2\/posts"}],"about":[{"href":"https:\/\/infovera.com.ar\/web\/wp-json\/wp\/v2\/types\/post"}],"author":[{"embeddable":true,"href":"https:\/\/infovera.com.ar\/web\/wp-json\/wp\/v2\/users\/3"}],"replies":[{"embeddable":true,"href":"https:\/\/infovera.com.ar\/web\/wp-json\/wp\/v2\/comments?post=54075"}],"version-history":[{"count":0,"href":"https:\/\/infovera.com.ar\/web\/wp-json\/wp\/v2\/posts\/54075\/revisions"}],"wp:featuredmedia":[{"embeddable":true,"href":"https:\/\/infovera.com.ar\/web\/wp-json\/wp\/v2\/media\/54076"}],"wp:attachment":[{"href":"https:\/\/infovera.com.ar\/web\/wp-json\/wp\/v2\/media?parent=54075"}],"wp:term":[{"taxonomy":"category","embeddable":true,"href":"https:\/\/infovera.com.ar\/web\/wp-json\/wp\/v2\/categories?post=54075"},{"taxonomy":"post_tag","embeddable":true,"href":"https:\/\/infovera.com.ar\/web\/wp-json\/wp\/v2\/tags?post=54075"}],"curies":[{"name":"wp","href":"https:\/\/api.w.org\/{rel}","templated":true}]}}