{"id":54062,"date":"2024-08-09T10:57:45","date_gmt":"2024-08-09T13:57:45","guid":{"rendered":"https:\/\/infovera.com.ar\/web\/?p=54062"},"modified":"2024-08-09T10:57:45","modified_gmt":"2024-08-09T13:57:45","slug":"vallejos-usa-una-bala-de-plata-para-intentar-destrabar-el-conflicto-por-grandes-superficies-comerciales","status":"publish","type":"post","link":"https:\/\/infovera.com.ar\/web\/2024\/08\/09\/vallejos-usa-una-bala-de-plata-para-intentar-destrabar-el-conflicto-por-grandes-superficies-comerciales\/","title":{"rendered":"Vallejos usa una &#8220;bala de plata&#8221; para intentar destrabar el conflicto por grandes superficies comerciales"},"content":{"rendered":"<p>El intendente busca derogar la adhesi\u00f3n de la ciudad a la ley provincial que rige esa actividad comercial. Su gesti\u00f3n present\u00f3 ante el Concejo Municipal un proyecto de ordenanza para abolir la norma vigente. La oposici\u00f3n pide &#8220;bajar la ansiedad&#8221;.<\/p>\n<p>El Ejecutivo de Reconquista present\u00f3 ante el Concejo Municipal un proyecto para derogar la Ordenanza N\u00b0 6980\/12, que establece la adhesi\u00f3n a la ley provincial N\u00ba 12069, reguladora de la instalaci\u00f3n de grandes superficies comerciales en la Provincia de Santa Fe.<\/p>\n<p>Con la firma del intendente Amadeo Enrique Vallejos, la iniciativa considera, entre otros puntos, que los par\u00e1metros establecidos en dicha ley \u201cresultan inconsistentes con la realidad y necesidades espec\u00edficas de la ciudad de Reconquista\u201d, la cual presenta caracter\u00edsticas econ\u00f3micas y demogr\u00e1ficas que \u201cno fueron contempladas adecuadamente\u201d en la legislaci\u00f3n provincial.<\/p>\n<p>A su vez, argumenta que las habilitaciones comerciales son una \u201ccompetencia propia\u201d de las jurisdicciones municipales, ya que \u201chay par\u00e1metros claros y jurisprudencia acabada\u201d sobre las competencias municipales y su capacidad de legislaci\u00f3n dentro de su ejido, tal como entienden es el caso de las habilitaciones comerciales.<\/p>\n<p>Y sostiene que, si bien la adhesi\u00f3n a la ley fue la voluntad expresa de la Municipalidad de Reconquista en el a\u00f1o 2009, luego ratificada en 2010 y 2012, la realidad econ\u00f3mica y social de la ciudad de Reconquista ha cambiado significativamente desde la promulgaci\u00f3n de dicha ordenanza, requiriendo un an\u00e1lisis actualizado y ajustado a las necesidades y demandas de la comunidad.<\/p>\n<p>De esta manera, la gesti\u00f3n Vallejos entiende que dicha situaci\u00f3n \u201cpone en jaque el crecimiento econ\u00f3mico de la ciudad, no s\u00f3lo afectando a nuevas inversiones, sino poniendo en vilo a las existentes\u201d, generando afectaci\u00f3n principalmente a los comerciantes locales con emprendimientos existentes.<\/p>\n<p>En tal l\u00ednea, indica que la instalaci\u00f3n de grandes superficies o la ampliaci\u00f3n de las existentes en Reconquista podr\u00eda generar la creaci\u00f3n de empleo directo e indirecto, contribuyendo a la disminuci\u00f3n de la tasa de desempleo local, el incremento en la recaudaci\u00f3n de impuestos municipales que fortalecer\u00eda las finanzas p\u00fablicas, y una mayor inversi\u00f3n en obras y servicios para la comunidad.<\/p>\n<p><strong>Diversidad<\/strong><\/p>\n<p>Asimismo, los considerandos del proyecto de ordenanza valora la posibilidad de la comunidad de \u201cacceder a una mayor diversidad de productos y servicios, mejorando la calidad de vida de los habitantes de Reconquista; y la competencia en el mercado local, que podr\u00eda resultar en precios m\u00e1s competitivos y beneficios para los consumidores\u201d.<\/p>\n<p>La estrategia ideada por la intendencia reconquistense apunta solucionar una problem\u00e1tica suscitada a ra\u00edz de la intenci\u00f3n manifiesta de una cadena supermercadista nacional de radicarse en la ciudad, que fue infructuosa a ra\u00edz del excedente en la ocupaci\u00f3n que ostentan las grandes superficies comerciales en funcionamiento. Un informe de la Secretar\u00eda de Comercio de la provincia revel\u00f3, meses atr\u00e1s, que la cabecera de General Obligado supera el m\u00e1ximo permitido para ese tipo de comercios en una 58 %, de acuerdo al factor de medici\u00f3n establecido por la ley 12.069.<\/p>\n<p>En t\u00e9rminos espec\u00edficos, los datos censales precisaron que en Reconquista los metros cuadrados totales autorizados a ser ocupados por las grandes superficies se ubican en 11.291,5, aunque en la actualidad est\u00e1n cubiertos 19.208,8, por lo que \u201cno existen metros cuadrados disponibles\u201d.<\/p>\n<p><strong>Fuera de medida<\/strong><\/p>\n<p>En el detalle del dictamen de la autoridad de aplicaci\u00f3n surgi\u00f3 que las firmas con mayor ocupaci\u00f3n son Castet y Tanino con un total de 5.502,9 metros cuadrados, Sagel SA con 3.833,3 metros cuadrados y Alimentos del NEA con un total de 3.259,8 metros cuadrados.<\/p>\n<p>En total son 6 las empresas con este tipo de emprendimientos que cubren 19.208,8 metros cuadrados, cuando en realidad por los 90.332 habitantes que tiene la ciudad solo podr\u00edan ocupar 11.291 metros cuadrados.<\/p>\n<p>Esa realidad no solo repele que la llegada de nuevos capitales, sino que tambi\u00e9n impide la expansi\u00f3n de las empresas locales al estar agotado y excedido el cupo de metros cuadrados a ocupar. El desenganche de la ley provincial actuar\u00eda como un factor que destrabar\u00eda el cap\u00edtulo de grandes superficies comerciales, una cuesti\u00f3n y un debate que una d\u00e9cada atr\u00e1s -con el arribo de supermercados chinos- no se sald\u00f3 de la mejor manera cuando la ciudad decidi\u00f3 cerrarse a esa posibilidad.<\/p>\n<p>Desde esa fecha, algunas firmas vern\u00e1culas crecieron exponencialmente superando los m\u00e1rgenes regidos por la ley en vigencia. Ahora, el gobierno municipal busca utilizar una &#8220;bala de plata&#8221;, como lo es el proyecto de ordenanza citado, para ensayar una salida al corset legal en el que qued\u00f3 inmersa Reconquista y que la alejar\u00eda de la senda de crecimiento.<\/p>\n<p><strong>\u201cBajar la ansiedad\u201d<\/strong><\/p>\n<p>Lo cierto es que en el Legislativo, el oficialismo est\u00e1 en clara desventaja num\u00e9rica -4 concejales propios contra 6 de la oposici\u00f3n- y para que sus pretensiones se conviertan en ley municipal necesitar\u00e1 de votos ajenos.<\/p>\n<p>Por lo pronto y ni bien conocida la noticia, la edil Fedra Buseghin (PRO) expres\u00f3 su parecer: \u201cLo que tengo son preguntas, estoy estudiando y evaluando informaci\u00f3n\u201d acerca de \u201c\u00bfqu\u00e9 implicar\u00eda o qu\u00e9 consecuencias tendr\u00eda para la vida comercial de los comercios de Reconquista no adherir a una ley provincial?, \u00bftendr\u00edan la habilitaci\u00f3n municipal pero no contar\u00edan con el certificado de factibilidad de la provincia?&#8221;<\/p>\n<p>La vicepresidente primera del Cuerpo pens\u00f3 en voz alta al inquirir: &#8220;\u00bfPor qu\u00e9 no ponemos el debate en la Legislatura provincial de esta ley que se debati\u00f3 y sancion\u00f3 en 2002\/2004, del reglamento 2008, y a la que Reconquista adhiri\u00f3 en 2009? \u00bfestamos en la misma realidad de aquel momento? Por otro lado, \u00bfQu\u00e9 dice el ciudadano sobre permitir a grandes cadenas a instalarse? Porque el impacto es sobre el bolsillo de la ciudadan\u00eda&#8221;.<\/p>\n<p>Para Buseghin, \u201chay que tomarse el tiempo y debatir, debatir sobre informaci\u00f3n, alcances y consecuencias, y que el ciudadano tambi\u00e9n tenga opini\u00f3n\u201d. No obstante, afirm\u00f3 que \u201cel Ejecutivo debe bajar la ansiedad y tambi\u00e9n si tanto le importa que el Concejo defina esta situaci\u00f3n tambi\u00e9n se preocupe por la ejecuci\u00f3n presupuestaria que se rechaz\u00f3\u201d.<\/p>\n<p>&nbsp;<\/p>\n","protected":false},"excerpt":{"rendered":"<p>El intendente busca derogar la adhesi\u00f3n de la ciudad a la ley provincial que rige esa actividad comercial. Su gesti\u00f3n present\u00f3 ante el Concejo Municipal un proyecto de ordenanza para abolir la norma vigente. La oposici\u00f3n pide &#8220;bajar la ansiedad&#8221;. El Ejecutivo de Reconquista present\u00f3 ante el Concejo Municipal un proyecto para derogar la Ordenanza [&hellip;]<\/p>\n","protected":false},"author":3,"featured_media":54063,"comment_status":"closed","ping_status":"closed","sticky":false,"template":"","format":"standard","meta":{"_joinchat":[],"footnotes":""},"categories":[55,61],"tags":[],"class_list":{"0":"post-54062","1":"post","2":"type-post","3":"status-publish","4":"format-standard","5":"has-post-thumbnail","7":"category-reconquista","8":"category-regionales"},"_links":{"self":[{"href":"https:\/\/infovera.com.ar\/web\/wp-json\/wp\/v2\/posts\/54062","targetHints":{"allow":["GET"]}}],"collection":[{"href":"https:\/\/infovera.com.ar\/web\/wp-json\/wp\/v2\/posts"}],"about":[{"href":"https:\/\/infovera.com.ar\/web\/wp-json\/wp\/v2\/types\/post"}],"author":[{"embeddable":true,"href":"https:\/\/infovera.com.ar\/web\/wp-json\/wp\/v2\/users\/3"}],"replies":[{"embeddable":true,"href":"https:\/\/infovera.com.ar\/web\/wp-json\/wp\/v2\/comments?post=54062"}],"version-history":[{"count":0,"href":"https:\/\/infovera.com.ar\/web\/wp-json\/wp\/v2\/posts\/54062\/revisions"}],"wp:featuredmedia":[{"embeddable":true,"href":"https:\/\/infovera.com.ar\/web\/wp-json\/wp\/v2\/media\/54063"}],"wp:attachment":[{"href":"https:\/\/infovera.com.ar\/web\/wp-json\/wp\/v2\/media?parent=54062"}],"wp:term":[{"taxonomy":"category","embeddable":true,"href":"https:\/\/infovera.com.ar\/web\/wp-json\/wp\/v2\/categories?post=54062"},{"taxonomy":"post_tag","embeddable":true,"href":"https:\/\/infovera.com.ar\/web\/wp-json\/wp\/v2\/tags?post=54062"}],"curies":[{"name":"wp","href":"https:\/\/api.w.org\/{rel}","templated":true}]}}