{"id":54058,"date":"2024-08-09T10:55:48","date_gmt":"2024-08-09T13:55:48","guid":{"rendered":"https:\/\/infovera.com.ar\/web\/?p=54058"},"modified":"2024-08-10T16:22:33","modified_gmt":"2024-08-10T19:22:33","slug":"entregaran-moviles-nuevos-a-la-unidad-regional-ix","status":"publish","type":"post","link":"https:\/\/infovera.com.ar\/web\/2024\/08\/09\/entregaran-moviles-nuevos-a-la-unidad-regional-ix\/","title":{"rendered":"Entregar\u00e1n m\u00f3viles nuevos a la Unidad Regional IX"},"content":{"rendered":"<p>El ministro de Seguridad, Pablo Cococcioni, har\u00e1 entrega de m\u00f3viles policiales a la Unidad Regional IX el pr\u00f3ximo domingo a las 17.<\/p>\n<p>El acto tendr\u00e1 lugar en la explanada de la sede policial departamental.<\/p>\n<p>&nbsp;<\/p>\n","protected":false},"excerpt":{"rendered":"<p>El ministro de Seguridad, Pablo Cococcioni, har\u00e1 entrega de m\u00f3viles policiales a la Unidad Regional IX el pr\u00f3ximo domingo a las 17. El acto tendr\u00e1 lugar en la explanada de la sede policial departamental. &nbsp;<\/p>\n","protected":false},"author":3,"featured_media":54059,"comment_status":"closed","ping_status":"closed","sticky":false,"template":"","format":"standard","meta":{"_joinchat":[],"footnotes":""},"categories":[55,61],"tags":[],"class_list":{"0":"post-54058","1":"post","2":"type-post","3":"status-publish","4":"format-standard","5":"has-post-thumbnail","7":"category-reconquista","8":"category-regionales"},"_links":{"self":[{"href":"https:\/\/infovera.com.ar\/web\/wp-json\/wp\/v2\/posts\/54058","targetHints":{"allow":["GET"]}}],"collection":[{"href":"https:\/\/infovera.com.ar\/web\/wp-json\/wp\/v2\/posts"}],"about":[{"href":"https:\/\/infovera.com.ar\/web\/wp-json\/wp\/v2\/types\/post"}],"author":[{"embeddable":true,"href":"https:\/\/infovera.com.ar\/web\/wp-json\/wp\/v2\/users\/3"}],"replies":[{"embeddable":true,"href":"https:\/\/infovera.com.ar\/web\/wp-json\/wp\/v2\/comments?post=54058"}],"version-history":[{"count":0,"href":"https:\/\/infovera.com.ar\/web\/wp-json\/wp\/v2\/posts\/54058\/revisions"}],"wp:featuredmedia":[{"embeddable":true,"href":"https:\/\/infovera.com.ar\/web\/wp-json\/wp\/v2\/media\/54059"}],"wp:attachment":[{"href":"https:\/\/infovera.com.ar\/web\/wp-json\/wp\/v2\/media?parent=54058"}],"wp:term":[{"taxonomy":"category","embeddable":true,"href":"https:\/\/infovera.com.ar\/web\/wp-json\/wp\/v2\/categories?post=54058"},{"taxonomy":"post_tag","embeddable":true,"href":"https:\/\/infovera.com.ar\/web\/wp-json\/wp\/v2\/tags?post=54058"}],"curies":[{"name":"wp","href":"https:\/\/api.w.org\/{rel}","templated":true}]}}