{"id":54012,"date":"2024-08-07T10:43:14","date_gmt":"2024-08-07T13:43:14","guid":{"rendered":"https:\/\/infovera.com.ar\/web\/?p=54012"},"modified":"2024-08-07T10:43:14","modified_gmt":"2024-08-07T13:43:14","slug":"chiqui-rojas-pidio-que-se-priorice-al-norte-para-la-distribucion-de-vacunas-contra-el-dengue","status":"publish","type":"post","link":"https:\/\/infovera.com.ar\/web\/2024\/08\/07\/chiqui-rojas-pidio-que-se-priorice-al-norte-para-la-distribucion-de-vacunas-contra-el-dengue\/","title":{"rendered":"Chiqui Rojas pidi\u00f3 que se priorice al norte para la distribuci\u00f3n de vacunas contra el dengue"},"content":{"rendered":"<p>El diputado Chiqui Rojas present\u00f3 un proyecto en la Legislatura para que los departamentos del norte santafesino reciban la vacuna de forma prioritaria.<\/p>\n<p>El gobierno provincial firm\u00f3 un preacuerdo para la adquisici\u00f3n de la vacuna Qdenga y esperan comenzar durante el transcurso de agosto la campa\u00f1a de vacunaci\u00f3n, dentro de un plan integral de prevenci\u00f3n que ser\u00e1 presentado pr\u00f3ximamente.<\/p>\n<p>Rojas manifest\u00f3 en primer lugar que \u201ces una muy buena noticia que desde el Ministerio de Salud ya se est\u00e9 trabajando con todos los actores del sistema para prevenir el dengue, lo que marca la pauta de lo importante que es este tema para gobierno provincial.<\/p>\n<p>La vacuna se aplica en dos dosis, siendo el refuerzo a los 3 meses, por lo que si la vacunaci\u00f3n comienza en agosto vamos a estar protegidos para noviembre y diciembre, cuando comience nuevamente la circulaci\u00f3n del mosquito, especialmente la poblaci\u00f3n de riesgo.<\/p>\n<p>De todas maneras, insistimos en que la prevenci\u00f3n es el m\u00e9todo m\u00e1s efectivo para combatir el dengue. Por esta raz\u00f3n se har\u00e1 una campa\u00f1a integral, que incluya no solo la vacunaci\u00f3n sino tambi\u00e9n informaci\u00f3n y capacitaci\u00f3n.\u201d<\/p>\n<p>Rojas explico que \u201csi bien el dengue se encuentra en el territorio desde hace 15 a\u00f1os, el \u00faltimo verano, con el calor extremo y las abundantes lluvias, se dio un r\u00e9cord de casos en toda la provincia, siendo las localidades del norte las m\u00e1s afectadas.<\/p>\n<p>Nuestra regi\u00f3n tiene particularidades que lo hacen m\u00e1s vulnerable al dengue. Tenemos temperaturas m\u00e1s altas y mayor humedad, m\u00e1s parecido a Chaco, Corrientes o Formosa, que al centro-sur de la provincia, condiciones que favorecen la circulaci\u00f3n del mosquito.<\/p>\n<p>Tambi\u00e9n hay mucho tr\u00e1nsito, por trabajo, comercio y turismo fundamentalmente, de personas desde y hacia provincias del noreste y pa\u00edses como Brasil y Paraguay, lo que nos expone a un mayor riesgo de contagios.\u201d<\/p>\n<p>\u201cPero tambi\u00e9n estamos alejados de los centros de salud, lo que se hace a\u00fan m\u00e1s evidente en la poblaci\u00f3n rural, generando dificultades adicionales para diagnosticar y tratar el dengue. Por estas razones, consideramos fundamental que desde el gobierno se comience a aplicar la vacuna en estos lugares.\u201d<\/p>\n","protected":false},"excerpt":{"rendered":"<p>El diputado Chiqui Rojas present\u00f3 un proyecto en la Legislatura para que los departamentos del norte santafesino reciban la vacuna de forma prioritaria. El gobierno provincial firm\u00f3 un preacuerdo para la adquisici\u00f3n de la vacuna Qdenga y esperan comenzar durante el transcurso de agosto la campa\u00f1a de vacunaci\u00f3n, dentro de un plan integral de prevenci\u00f3n [&hellip;]<\/p>\n","protected":false},"author":3,"featured_media":54013,"comment_status":"closed","ping_status":"closed","sticky":false,"template":"","format":"standard","meta":{"_joinchat":[],"footnotes":""},"categories":[66,53],"tags":[],"class_list":{"0":"post-54012","1":"post","2":"type-post","3":"status-publish","4":"format-standard","5":"has-post-thumbnail","7":"category-politica","8":"category-vera"},"_links":{"self":[{"href":"https:\/\/infovera.com.ar\/web\/wp-json\/wp\/v2\/posts\/54012","targetHints":{"allow":["GET"]}}],"collection":[{"href":"https:\/\/infovera.com.ar\/web\/wp-json\/wp\/v2\/posts"}],"about":[{"href":"https:\/\/infovera.com.ar\/web\/wp-json\/wp\/v2\/types\/post"}],"author":[{"embeddable":true,"href":"https:\/\/infovera.com.ar\/web\/wp-json\/wp\/v2\/users\/3"}],"replies":[{"embeddable":true,"href":"https:\/\/infovera.com.ar\/web\/wp-json\/wp\/v2\/comments?post=54012"}],"version-history":[{"count":0,"href":"https:\/\/infovera.com.ar\/web\/wp-json\/wp\/v2\/posts\/54012\/revisions"}],"wp:featuredmedia":[{"embeddable":true,"href":"https:\/\/infovera.com.ar\/web\/wp-json\/wp\/v2\/media\/54013"}],"wp:attachment":[{"href":"https:\/\/infovera.com.ar\/web\/wp-json\/wp\/v2\/media?parent=54012"}],"wp:term":[{"taxonomy":"category","embeddable":true,"href":"https:\/\/infovera.com.ar\/web\/wp-json\/wp\/v2\/categories?post=54012"},{"taxonomy":"post_tag","embeddable":true,"href":"https:\/\/infovera.com.ar\/web\/wp-json\/wp\/v2\/tags?post=54012"}],"curies":[{"name":"wp","href":"https:\/\/api.w.org\/{rel}","templated":true}]}}