{"id":54010,"date":"2024-08-07T10:41:35","date_gmt":"2024-08-07T13:41:35","guid":{"rendered":"https:\/\/infovera.com.ar\/web\/?p=54010"},"modified":"2024-08-07T18:00:55","modified_gmt":"2024-08-07T21:00:55","slug":"paro-de-amra-y-denuncia","status":"publish","type":"post","link":"https:\/\/infovera.com.ar\/web\/2024\/08\/07\/paro-de-amra-y-denuncia\/","title":{"rendered":"Paro de AMRA y denuncia"},"content":{"rendered":"<p>Atento a los t\u00e9rminos del Bolet\u00edn N\u00b0 333 publicado por la Direcci\u00f3n Provincial de Gesti\u00f3n el d\u00eda 06\/08\/2024 que hace referencia al paro general de actividades por 24 horas dispuesto para el d\u00eda mi\u00e9rcoles 07\/08 y comunicado al Poder Ejecutivo en tiempo y forma, a ra\u00edz del rechazo democr\u00e1ticamente votado por sus afiliados y afiliadas a la propuesta paritaria, el Sindicato de M\u00e9dicos de la Rep\u00fablica Argentina (AMRA) Seccionales Norte, Centro y Sur de Santa Fe expres\u00f3 lo siguiente:<\/p>\n<p>El derecho a la huelga posee raigambre y garant\u00eda constitucional y fue decretado por una entidad con Personer\u00eda Gremial, como lo es la AMRA.<\/p>\n<p>Que, asimismo y en cumplimiento de lo dispuesto por la Ley 25.877, la no asistencia a los lugares de trabajo no alcanza al cronograma de guardias, ni a los servicios destinados a la atenci\u00f3n de urgencias y emergencias.<\/p>\n<p>Resulta, por \u00faltimo, claramente persecutorio y atenta contra el leg\u00edtimo ejercicio del derecho de huelga exigir a los trabajadores completar una declaraci\u00f3n jurada de adhesi\u00f3n o no adhesi\u00f3n a una medida gremial como la dispuesta, pudiendo el trabajador abstenerse de completar la misma y ejercer v\u00e1lidamente sus derechos.<\/p>\n<p>La mejor y \u00fanica forma que conocemos de hacer valer nuestros derechos, es ejerci\u00e9ndolos.<\/p>\n","protected":false},"excerpt":{"rendered":"<p>Atento a los t\u00e9rminos del Bolet\u00edn N\u00b0 333 publicado por la Direcci\u00f3n Provincial de Gesti\u00f3n el d\u00eda 06\/08\/2024 que hace referencia al paro general de actividades por 24 horas dispuesto para el d\u00eda mi\u00e9rcoles 07\/08 y comunicado al Poder Ejecutivo en tiempo y forma, a ra\u00edz del rechazo democr\u00e1ticamente votado por sus afiliados y afiliadas [&hellip;]<\/p>\n","protected":false},"author":3,"featured_media":39817,"comment_status":"closed","ping_status":"closed","sticky":false,"template":"","format":"standard","meta":{"_joinchat":[],"footnotes":""},"categories":[60],"tags":[],"class_list":{"0":"post-54010","1":"post","2":"type-post","3":"status-publish","4":"format-standard","5":"has-post-thumbnail","7":"category-provinciales"},"_links":{"self":[{"href":"https:\/\/infovera.com.ar\/web\/wp-json\/wp\/v2\/posts\/54010","targetHints":{"allow":["GET"]}}],"collection":[{"href":"https:\/\/infovera.com.ar\/web\/wp-json\/wp\/v2\/posts"}],"about":[{"href":"https:\/\/infovera.com.ar\/web\/wp-json\/wp\/v2\/types\/post"}],"author":[{"embeddable":true,"href":"https:\/\/infovera.com.ar\/web\/wp-json\/wp\/v2\/users\/3"}],"replies":[{"embeddable":true,"href":"https:\/\/infovera.com.ar\/web\/wp-json\/wp\/v2\/comments?post=54010"}],"version-history":[{"count":0,"href":"https:\/\/infovera.com.ar\/web\/wp-json\/wp\/v2\/posts\/54010\/revisions"}],"wp:featuredmedia":[{"embeddable":true,"href":"https:\/\/infovera.com.ar\/web\/wp-json\/wp\/v2\/media\/39817"}],"wp:attachment":[{"href":"https:\/\/infovera.com.ar\/web\/wp-json\/wp\/v2\/media?parent=54010"}],"wp:term":[{"taxonomy":"category","embeddable":true,"href":"https:\/\/infovera.com.ar\/web\/wp-json\/wp\/v2\/categories?post=54010"},{"taxonomy":"post_tag","embeddable":true,"href":"https:\/\/infovera.com.ar\/web\/wp-json\/wp\/v2\/tags?post=54010"}],"curies":[{"name":"wp","href":"https:\/\/api.w.org\/{rel}","templated":true}]}}