{"id":53997,"date":"2024-08-06T18:09:06","date_gmt":"2024-08-06T21:09:06","guid":{"rendered":"https:\/\/infovera.com.ar\/web\/?p=53997"},"modified":"2024-08-06T18:09:06","modified_gmt":"2024-08-06T21:09:06","slug":"23o-encuentro-nacional-de-artesanos-y-artesanas-2024","status":"publish","type":"post","link":"https:\/\/infovera.com.ar\/web\/2024\/08\/06\/23o-encuentro-nacional-de-artesanos-y-artesanas-2024\/","title":{"rendered":"23\u00ba Encuentro Nacional de Artesanos y Artesanas 2024"},"content":{"rendered":"<p>El evento se desarrollar\u00e1 los d\u00edas viernes 9, s\u00e1bado 10 y domingo 11 de agosto de 2024 en las instalaciones del Galp\u00f3n Cultural del Paseo del Bicentenario de Reconquista.<\/p>\n<p>Del mismo participar\u00e1n m\u00e1s de 50 artesanos de distintas provincias como Entre R\u00edos, Chaco, C\u00f3rdoba, Santa Fe y Buenos Aires, que realizan trabajos en distintos rubros como metal, textil, ca\u00f1as, madera, cuero, arcilla, masas modelables o vitrofusi\u00f3n, entre otros; donde se podr\u00e1n encontrar artesan\u00edas que van desde la joyer\u00eda a los juguetes de madera, t\u00edteres, indumentaria, objetos para el hogar, sandalias, carteras, etc.<\/p>\n<p>Vale destacar que, durante los 3 d\u00edas de exposici\u00f3n, el Galp\u00f3n Cultural estar\u00e1 abierto de 10:00 a 22:00 horas, con entrada libre y gratuita.<\/p>\n<p>En cuanto a los principales atractivos, el encuentro ofrece Talleres brindados por artesanos expertos, generalmente arancelados, pero a precios muy accesibles. Estos son: Impresi\u00f3n bot\u00e1nica; Tejido en palma; Modelado en arcilla y Construcci\u00f3n de t\u00edteres de gomaespuma. Adem\u00e1s, \u201cCuki\u201d Taibo estar\u00e1 realizando una obra escult\u00f3rica en vivo con material de hierro en desecho.<\/p>\n<p>En tanto, la grilla musical se compone de artistas como Melany Rodr\u00edguez; Valentina Gonz\u00e1lez; Maju Vega; STIAN; Ensamble Vocal Mboyer\u00e9 y Arza\u00f1\u00eda y Compamendia, entre otras sopresas.<\/p>\n","protected":false},"excerpt":{"rendered":"<p>El evento se desarrollar\u00e1 los d\u00edas viernes 9, s\u00e1bado 10 y domingo 11 de agosto de 2024 en las instalaciones del Galp\u00f3n Cultural del Paseo del Bicentenario de Reconquista. Del mismo participar\u00e1n m\u00e1s de 50 artesanos de distintas provincias como Entre R\u00edos, Chaco, C\u00f3rdoba, Santa Fe y Buenos Aires, que realizan trabajos en distintos rubros [&hellip;]<\/p>\n","protected":false},"author":3,"featured_media":53998,"comment_status":"closed","ping_status":"closed","sticky":false,"template":"","format":"standard","meta":{"_joinchat":[],"footnotes":""},"categories":[55,61],"tags":[],"class_list":{"0":"post-53997","1":"post","2":"type-post","3":"status-publish","4":"format-standard","5":"has-post-thumbnail","7":"category-reconquista","8":"category-regionales"},"_links":{"self":[{"href":"https:\/\/infovera.com.ar\/web\/wp-json\/wp\/v2\/posts\/53997","targetHints":{"allow":["GET"]}}],"collection":[{"href":"https:\/\/infovera.com.ar\/web\/wp-json\/wp\/v2\/posts"}],"about":[{"href":"https:\/\/infovera.com.ar\/web\/wp-json\/wp\/v2\/types\/post"}],"author":[{"embeddable":true,"href":"https:\/\/infovera.com.ar\/web\/wp-json\/wp\/v2\/users\/3"}],"replies":[{"embeddable":true,"href":"https:\/\/infovera.com.ar\/web\/wp-json\/wp\/v2\/comments?post=53997"}],"version-history":[{"count":0,"href":"https:\/\/infovera.com.ar\/web\/wp-json\/wp\/v2\/posts\/53997\/revisions"}],"wp:featuredmedia":[{"embeddable":true,"href":"https:\/\/infovera.com.ar\/web\/wp-json\/wp\/v2\/media\/53998"}],"wp:attachment":[{"href":"https:\/\/infovera.com.ar\/web\/wp-json\/wp\/v2\/media?parent=53997"}],"wp:term":[{"taxonomy":"category","embeddable":true,"href":"https:\/\/infovera.com.ar\/web\/wp-json\/wp\/v2\/categories?post=53997"},{"taxonomy":"post_tag","embeddable":true,"href":"https:\/\/infovera.com.ar\/web\/wp-json\/wp\/v2\/tags?post=53997"}],"curies":[{"name":"wp","href":"https:\/\/api.w.org\/{rel}","templated":true}]}}