{"id":53994,"date":"2024-08-06T17:56:54","date_gmt":"2024-08-06T20:56:54","guid":{"rendered":"https:\/\/infovera.com.ar\/web\/?p=53994"},"modified":"2024-08-06T17:56:54","modified_gmt":"2024-08-06T20:56:54","slug":"quedo-en-prision-un-hombre-acusado-de-abusar-de-un-nino-de-su-entorno-familiar","status":"publish","type":"post","link":"https:\/\/infovera.com.ar\/web\/2024\/08\/06\/quedo-en-prision-un-hombre-acusado-de-abusar-de-un-nino-de-su-entorno-familiar\/","title":{"rendered":"Qued\u00f3 en prisi\u00f3n un hombre acusado de abusar de un ni\u00f1o de su entorno familiar"},"content":{"rendered":"<p>En Tostado.<\/p>\n<p>La medida cautelar fue resuelta por el juez Jos\u00e9 Luis Est\u00e9vez a partir de un requerimiento de la fiscal Shirli Tomasso en una audiencia que se llev\u00f3 a cabo en los tribunales tostadenses. El imputado tiene 33 a\u00f1os y sus iniciales son GHS. La conducta il\u00edcita fue llevada a cabo en al menos cinco oportunidades, siempre de noche, entre 2022 y principios de este a\u00f1o.<\/p>\n<p>Qued\u00f3 en prisi\u00f3n preventiva un hombre de 33 a\u00f1os que es investigado como autor del abuso sexual de un ni\u00f1o de su entorno familiar en la ciudad de Tostado. As\u00ed lo orden\u00f3 el juez de la Investigaci\u00f3n Penal Preparatoria (IPP), Jos\u00e9 Luis Est\u00e9vez, en una audiencia que se desarroll\u00f3 ayer en los tribunales tostadenses.<\/p>\n<p>La fiscal Shirli Tomasso est\u00e1 a cargo de la investigaci\u00f3n y solicit\u00f3 que el imputado, cuyas iniciales son GHS, transite el proceso judicial privado de su libertad. Est\u00e9vez resolvi\u00f3 de manera oral en la audiencia y dispuso la prisi\u00f3n preventiva durante todo el proceso.<\/p>\n<p>Los hechos<\/p>\n<p>La fiscal relat\u00f3 que \u201centre 2022 y principios del a\u00f1o en curso, siempre en horarios nocturnos, el hombre investigado agredi\u00f3 sexualmente a un ni\u00f1o de su entorno familiar en al menos cinco oportunidades\u201d.<\/p>\n<p>Explic\u00f3 Tomasso que \u201clas agresiones ocurr\u00edan cuando el menor quedaba a su cuidado en la vivienda que el imputado habitaba solo y que ese accionar vulner\u00f3 el desarrollo libre y progresivo de la sexualidad del ni\u00f1o\u201d.<\/p>\n<p>Peligros procesales<\/p>\n<p>La representante del MPA sostuvo que \u201cal resolver la prisi\u00f3n preventiva sin plazos, el juez consider\u00f3 acreditadas la materialidad y la autor\u00eda de los hechos il\u00edcitos por parte del imputado, con el grado de probabilidad suficiente para la instancia procesal en la que estamos\u201d.<\/p>\n<p>\u201cEl magistrado tambi\u00e9n tuvo en cuenta la pena en expectativa prevista en el delito atribuido, la cual ser\u00eda de cumplimiento efectivo\u201d, agreg\u00f3 la fiscal.<\/p>\n<p>En cuanto a los riesgos procesales, la fiscal Tomasso remarc\u00f3 que \u201cel juez sostuvo que estaban latentes\u201d y agreg\u00f3 que \u201cen su resoluci\u00f3n tuvo en cuenta que, luego de que el menor fue entrevistado en C\u00e1mara Gesell, el imputado abandon\u00f3 la ciudad de Tostado, por lo que el riesgo de fuga es evidente\u201d.<\/p>\n<p>\u201cAdem\u00e1s, el magistrado resalt\u00f3 que el arraigo, por la actitud asumida, no es suficiente y consider\u00f3 que las medidas alternativas a la prisi\u00f3n preventiva propuestas por la Defensa no ten\u00edan la entidad suficiente para cautelar el proceso\u201d, concluy\u00f3 Tomasso.<\/p>\n<p>Calificaci\u00f3n penal<\/p>\n<p>Al hombre de 33 a\u00f1os cuyas iniciales son GHS se le atribuy\u00f3 la autor\u00eda de abuso sexual con acceso carnal reiterado en cinco oportunidades y promoci\u00f3n a la corrupci\u00f3n de menores, ambos delitos agravados (por la guarda).<\/p>\n","protected":false},"excerpt":{"rendered":"<p>En Tostado. La medida cautelar fue resuelta por el juez Jos\u00e9 Luis Est\u00e9vez a partir de un requerimiento de la fiscal Shirli Tomasso en una audiencia que se llev\u00f3 a cabo en los tribunales tostadenses. El imputado tiene 33 a\u00f1os y sus iniciales son GHS. La conducta il\u00edcita fue llevada a cabo en al menos [&hellip;]<\/p>\n","protected":false},"author":3,"featured_media":39115,"comment_status":"closed","ping_status":"closed","sticky":false,"template":"","format":"standard","meta":{"_joinchat":[],"footnotes":""},"categories":[30,61],"tags":[],"class_list":{"0":"post-53994","1":"post","2":"type-post","3":"status-publish","4":"format-standard","5":"has-post-thumbnail","7":"category-policiales","8":"category-regionales"},"_links":{"self":[{"href":"https:\/\/infovera.com.ar\/web\/wp-json\/wp\/v2\/posts\/53994","targetHints":{"allow":["GET"]}}],"collection":[{"href":"https:\/\/infovera.com.ar\/web\/wp-json\/wp\/v2\/posts"}],"about":[{"href":"https:\/\/infovera.com.ar\/web\/wp-json\/wp\/v2\/types\/post"}],"author":[{"embeddable":true,"href":"https:\/\/infovera.com.ar\/web\/wp-json\/wp\/v2\/users\/3"}],"replies":[{"embeddable":true,"href":"https:\/\/infovera.com.ar\/web\/wp-json\/wp\/v2\/comments?post=53994"}],"version-history":[{"count":0,"href":"https:\/\/infovera.com.ar\/web\/wp-json\/wp\/v2\/posts\/53994\/revisions"}],"wp:featuredmedia":[{"embeddable":true,"href":"https:\/\/infovera.com.ar\/web\/wp-json\/wp\/v2\/media\/39115"}],"wp:attachment":[{"href":"https:\/\/infovera.com.ar\/web\/wp-json\/wp\/v2\/media?parent=53994"}],"wp:term":[{"taxonomy":"category","embeddable":true,"href":"https:\/\/infovera.com.ar\/web\/wp-json\/wp\/v2\/categories?post=53994"},{"taxonomy":"post_tag","embeddable":true,"href":"https:\/\/infovera.com.ar\/web\/wp-json\/wp\/v2\/tags?post=53994"}],"curies":[{"name":"wp","href":"https:\/\/api.w.org\/{rel}","templated":true}]}}