{"id":53990,"date":"2024-08-06T17:39:38","date_gmt":"2024-08-06T20:39:38","guid":{"rendered":"https:\/\/infovera.com.ar\/web\/?p=53990"},"modified":"2024-08-07T11:05:38","modified_gmt":"2024-08-07T14:05:38","slug":"20-mm-en-vera","status":"publish","type":"post","link":"https:\/\/infovera.com.ar\/web\/2024\/08\/06\/20-mm-en-vera\/","title":{"rendered":"20 mm en Vera"},"content":{"rendered":"<p>En algunos puntos del distrito cabecera se el registro fue de 20 mm, aunque en la zona urbana la Unidad Regional XIX inform\u00f3 10 mm.<\/p>\n<p>En Vera, llovi\u00f3 en horas de la siesta y en algunos sectores de la zona urbana cay\u00f3 granizo, al igual que en distritos localidades del departamento hom\u00f3nimo como La Gallareta y Caraguatay.<\/p>\n<p>En la regi\u00f3n: Avellaneda 57 mm, Alejandra 28, La Sarita 34 mm, Los Amores 3 mm, Tartagal 7 mm, Lanteri 22 mm.<\/p>\n<p><strong>En Reconquista<\/strong><\/p>\n<p>Alrededor de las 15, un cerrado y copioso aguacero cay\u00f3 sobre Reconquista -junto con Avellaneda los distritos con mayores vol\u00famenes- dejando tras de s\u00ed calles c\u00e9ntricas con anegamientos temporarios y algunas viviendas de barrios del sector sur inundadas.<\/p>\n<p>Hasta las 17 se contabilizaban 50 mil\u00edmetros de agua ca\u00edda del cielo, que continuaba encapotado, mientras los pron\u00f3sticos dan cuenta que el mal tiempo seguir\u00eda durante la jornada del mi\u00e9rcoles.<\/p>\n<p>Con algo de actividad el\u00e9ctrica, el meteoro estuvo exento de vientos fuertes. Solo sali\u00f3 de servicio la l\u00ednea que alimenta a Malabrigo desde Reconquista, inform\u00f3 la EPE.<\/p>\n<p>Esta lluvia regional trae algo de alivio a la sequ\u00eda que ya comenzaba a mostrar su peor cara, en los producciones agropecuarias y tambi\u00e9n en los incendios forestales que recrudecieron en las \u00faltimas dos semanas.<\/p>\n","protected":false},"excerpt":{"rendered":"<p>En algunos puntos del distrito cabecera se el registro fue de 20 mm, aunque en la zona urbana la Unidad Regional XIX inform\u00f3 10 mm. En Vera, llovi\u00f3 en horas de la siesta y en algunos sectores de la zona urbana cay\u00f3 granizo, al igual que en distritos localidades del departamento hom\u00f3nimo como La Gallareta [&hellip;]<\/p>\n","protected":false},"author":3,"featured_media":16871,"comment_status":"closed","ping_status":"closed","sticky":false,"template":"","format":"standard","meta":{"_joinchat":[],"footnotes":""},"categories":[53],"tags":[],"class_list":{"0":"post-53990","1":"post","2":"type-post","3":"status-publish","4":"format-standard","5":"has-post-thumbnail","7":"category-vera"},"_links":{"self":[{"href":"https:\/\/infovera.com.ar\/web\/wp-json\/wp\/v2\/posts\/53990","targetHints":{"allow":["GET"]}}],"collection":[{"href":"https:\/\/infovera.com.ar\/web\/wp-json\/wp\/v2\/posts"}],"about":[{"href":"https:\/\/infovera.com.ar\/web\/wp-json\/wp\/v2\/types\/post"}],"author":[{"embeddable":true,"href":"https:\/\/infovera.com.ar\/web\/wp-json\/wp\/v2\/users\/3"}],"replies":[{"embeddable":true,"href":"https:\/\/infovera.com.ar\/web\/wp-json\/wp\/v2\/comments?post=53990"}],"version-history":[{"count":0,"href":"https:\/\/infovera.com.ar\/web\/wp-json\/wp\/v2\/posts\/53990\/revisions"}],"wp:featuredmedia":[{"embeddable":true,"href":"https:\/\/infovera.com.ar\/web\/wp-json\/wp\/v2\/media\/16871"}],"wp:attachment":[{"href":"https:\/\/infovera.com.ar\/web\/wp-json\/wp\/v2\/media?parent=53990"}],"wp:term":[{"taxonomy":"category","embeddable":true,"href":"https:\/\/infovera.com.ar\/web\/wp-json\/wp\/v2\/categories?post=53990"},{"taxonomy":"post_tag","embeddable":true,"href":"https:\/\/infovera.com.ar\/web\/wp-json\/wp\/v2\/tags?post=53990"}],"curies":[{"name":"wp","href":"https:\/\/api.w.org\/{rel}","templated":true}]}}