{"id":53950,"date":"2024-08-05T07:38:56","date_gmt":"2024-08-05T10:38:56","guid":{"rendered":"https:\/\/infovera.com.ar\/web\/?p=53950"},"modified":"2024-08-05T17:58:03","modified_gmt":"2024-08-05T20:58:03","slug":"frio-y-probables-lluvias-para-la-semana","status":"publish","type":"post","link":"https:\/\/infovera.com.ar\/web\/2024\/08\/05\/frio-y-probables-lluvias-para-la-semana\/","title":{"rendered":"Fr\u00edo y probables lluvias para la semana"},"content":{"rendered":"<p>Se viene refuerzo de aire fr\u00edo con probable inestabilidad, en el norte probables tormentas fuertes<\/p>\n<p>Otro descenso t\u00e9rmico\u00a0\u00bfCu\u00e1ndo llega?<\/p>\n<p>Como se ven\u00eda informando, llegamos el viernes a 31.9\u00b0C, y luego tormentas, con acumulados de 24 a 30 mm sobre Rosario.<\/p>\n<p>Hoy esperamos un aumento de nubosidad con probable inestabilidad, aumentando las chances de lluvias y tormentas aisladas el martes.<\/p>\n<p>Sobre el norte provincial, se pueden desarrollar probables tormentas fuertes, con acumulados que superen los 30 mm.<\/p>\n<p>El mi\u00e9rcoles y jueves ser\u00e1n una jornada ventosa, por ingreso de aire fr\u00edo, con un posterior descenso de las temperaturas, pero no extremas, sin olvidar que estamos en invierno.<\/p>\n<p>Viernes y s\u00e1bado probable formaci\u00f3n de heladas en zonas rurales.<\/p>\n<p>Fuente: CMMC<\/p>\n","protected":false},"excerpt":{"rendered":"<p>Se viene refuerzo de aire fr\u00edo con probable inestabilidad, en el norte probables tormentas fuertes Otro descenso t\u00e9rmico\u00a0\u00bfCu\u00e1ndo llega? Como se ven\u00eda informando, llegamos el viernes a 31.9\u00b0C, y luego tormentas, con acumulados de 24 a 30 mm sobre Rosario. Hoy esperamos un aumento de nubosidad con probable inestabilidad, aumentando las chances de lluvias y [&hellip;]<\/p>\n","protected":false},"author":3,"featured_media":53951,"comment_status":"closed","ping_status":"closed","sticky":false,"template":"","format":"standard","meta":{"_joinchat":[],"footnotes":""},"categories":[60],"tags":[],"class_list":{"0":"post-53950","1":"post","2":"type-post","3":"status-publish","4":"format-standard","5":"has-post-thumbnail","7":"category-provinciales"},"_links":{"self":[{"href":"https:\/\/infovera.com.ar\/web\/wp-json\/wp\/v2\/posts\/53950","targetHints":{"allow":["GET"]}}],"collection":[{"href":"https:\/\/infovera.com.ar\/web\/wp-json\/wp\/v2\/posts"}],"about":[{"href":"https:\/\/infovera.com.ar\/web\/wp-json\/wp\/v2\/types\/post"}],"author":[{"embeddable":true,"href":"https:\/\/infovera.com.ar\/web\/wp-json\/wp\/v2\/users\/3"}],"replies":[{"embeddable":true,"href":"https:\/\/infovera.com.ar\/web\/wp-json\/wp\/v2\/comments?post=53950"}],"version-history":[{"count":0,"href":"https:\/\/infovera.com.ar\/web\/wp-json\/wp\/v2\/posts\/53950\/revisions"}],"wp:featuredmedia":[{"embeddable":true,"href":"https:\/\/infovera.com.ar\/web\/wp-json\/wp\/v2\/media\/53951"}],"wp:attachment":[{"href":"https:\/\/infovera.com.ar\/web\/wp-json\/wp\/v2\/media?parent=53950"}],"wp:term":[{"taxonomy":"category","embeddable":true,"href":"https:\/\/infovera.com.ar\/web\/wp-json\/wp\/v2\/categories?post=53950"},{"taxonomy":"post_tag","embeddable":true,"href":"https:\/\/infovera.com.ar\/web\/wp-json\/wp\/v2\/tags?post=53950"}],"curies":[{"name":"wp","href":"https:\/\/api.w.org\/{rel}","templated":true}]}}