{"id":53947,"date":"2024-08-05T07:31:23","date_gmt":"2024-08-05T10:31:23","guid":{"rendered":"https:\/\/infovera.com.ar\/web\/?p=53947"},"modified":"2024-08-05T07:32:38","modified_gmt":"2024-08-05T10:32:38","slug":"murio-un-ciclista-tras-chocar-con-un-auto-en-el-acceso-norte-a-avellaneda","status":"publish","type":"post","link":"https:\/\/infovera.com.ar\/web\/2024\/08\/05\/murio-un-ciclista-tras-chocar-con-un-auto-en-el-acceso-norte-a-avellaneda\/","title":{"rendered":"Muri\u00f3 un ciclista tras chocar con un auto en el acceso norte a Avellaneda"},"content":{"rendered":"<p>Sucedi\u00f3 en el atardecer del domingo 4 de agosto de 2024, en el empalme de la Ruta 11 y la continuaci\u00f3n del Camino H\u00e9roes de Malvinas, m\u00e1s precisamente en el ingreso norte a la ciudad de Avellaneda.<\/p>\n<p>Por causas que se tratan de establecer, entraron en colisi\u00f3n autom\u00f3vil Chevrolet Corsa Dominio JCN-192 conducido por Diego Emanuel Acu\u00f1a, de 39 a\u00f1os, quien se dirig\u00eda sentido Norte\/Sur, colisiona contra Daniel Romano quien guiaba su bicicleta playera por continuaci\u00f3n camino H\u00e9roes de Malvinas sentido Este\/Oeste.<\/p>\n<p>Como consecuencia del siniestro ciudadano Romano perdi\u00f3 la vida. En el lugar trabaj\u00f3 PDI\u00a0 (Criminal\u00edstica), personal de Gendarmer\u00eda, como as\u00ed tambi\u00e9n inspectores Avellaneda.<\/p>\n<p>Daniel Romano viv\u00eda en la calle 330 al 805 del Barrio Don Pedro de la ciudad de Avellaneda<\/p>\n","protected":false},"excerpt":{"rendered":"<p>Sucedi\u00f3 en el atardecer del domingo 4 de agosto de 2024, en el empalme de la Ruta 11 y la continuaci\u00f3n del Camino H\u00e9roes de Malvinas, m\u00e1s precisamente en el ingreso norte a la ciudad de Avellaneda. Por causas que se tratan de establecer, entraron en colisi\u00f3n autom\u00f3vil Chevrolet Corsa Dominio JCN-192 conducido por Diego [&hellip;]<\/p>\n","protected":false},"author":3,"featured_media":53949,"comment_status":"closed","ping_status":"closed","sticky":false,"template":"","format":"standard","meta":{"_joinchat":[],"footnotes":""},"categories":[30,61],"tags":[],"class_list":{"0":"post-53947","1":"post","2":"type-post","3":"status-publish","4":"format-standard","5":"has-post-thumbnail","7":"category-policiales","8":"category-regionales"},"_links":{"self":[{"href":"https:\/\/infovera.com.ar\/web\/wp-json\/wp\/v2\/posts\/53947","targetHints":{"allow":["GET"]}}],"collection":[{"href":"https:\/\/infovera.com.ar\/web\/wp-json\/wp\/v2\/posts"}],"about":[{"href":"https:\/\/infovera.com.ar\/web\/wp-json\/wp\/v2\/types\/post"}],"author":[{"embeddable":true,"href":"https:\/\/infovera.com.ar\/web\/wp-json\/wp\/v2\/users\/3"}],"replies":[{"embeddable":true,"href":"https:\/\/infovera.com.ar\/web\/wp-json\/wp\/v2\/comments?post=53947"}],"version-history":[{"count":0,"href":"https:\/\/infovera.com.ar\/web\/wp-json\/wp\/v2\/posts\/53947\/revisions"}],"wp:featuredmedia":[{"embeddable":true,"href":"https:\/\/infovera.com.ar\/web\/wp-json\/wp\/v2\/media\/53949"}],"wp:attachment":[{"href":"https:\/\/infovera.com.ar\/web\/wp-json\/wp\/v2\/media?parent=53947"}],"wp:term":[{"taxonomy":"category","embeddable":true,"href":"https:\/\/infovera.com.ar\/web\/wp-json\/wp\/v2\/categories?post=53947"},{"taxonomy":"post_tag","embeddable":true,"href":"https:\/\/infovera.com.ar\/web\/wp-json\/wp\/v2\/tags?post=53947"}],"curies":[{"name":"wp","href":"https:\/\/api.w.org\/{rel}","templated":true}]}}