{"id":53930,"date":"2024-08-03T11:25:25","date_gmt":"2024-08-03T14:25:25","guid":{"rendered":"https:\/\/infovera.com.ar\/web\/?p=53930"},"modified":"2024-08-03T11:25:25","modified_gmt":"2024-08-03T14:25:25","slug":"un-menor-de-13-choco-en-moto-y-fue-derivado-al-hrv","status":"publish","type":"post","link":"https:\/\/infovera.com.ar\/web\/2024\/08\/03\/un-menor-de-13-choco-en-moto-y-fue-derivado-al-hrv\/","title":{"rendered":"Un menor de 13 choc\u00f3 en moto y fue derivado al HRV"},"content":{"rendered":"<p>A la 0: 05 de este s\u00e1bado, en intersecci\u00f3n de Mariano Leiva y Mitre, de Vera, un Renault, 19, color blanco, conducido por un hombre de 66 a\u00f1os, colision\u00f3 con una Honda XR, de color negro, guiada por un menor de 13 a\u00f1os.<\/p>\n<p>En el lugar se hicieron presentes efectivos del Comando y del 107, procediendo al traslado del menor al nosocomio local para su atenci\u00f3n, en cuanto al conductor del autom\u00f3vil manifest\u00f3 encontrarse ileso.<\/p>\n<p>SE labran actuaciones por conducci\u00f3n peligrosa al propietario de la moto. Interviene UFI N\u00ba 4- VERA y Jueza de Menores de la ciudad de Reconquista.<\/p>\n","protected":false},"excerpt":{"rendered":"<p>A la 0: 05 de este s\u00e1bado, en intersecci\u00f3n de Mariano Leiva y Mitre, de Vera, un Renault, 19, color blanco, conducido por un hombre de 66 a\u00f1os, colision\u00f3 con una Honda XR, de color negro, guiada por un menor de 13 a\u00f1os. En el lugar se hicieron presentes efectivos del Comando y del 107, [&hellip;]<\/p>\n","protected":false},"author":3,"featured_media":51452,"comment_status":"closed","ping_status":"closed","sticky":false,"template":"","format":"standard","meta":{"_joinchat":[],"footnotes":""},"categories":[30,53],"tags":[],"class_list":{"0":"post-53930","1":"post","2":"type-post","3":"status-publish","4":"format-standard","5":"has-post-thumbnail","7":"category-policiales","8":"category-vera"},"_links":{"self":[{"href":"https:\/\/infovera.com.ar\/web\/wp-json\/wp\/v2\/posts\/53930","targetHints":{"allow":["GET"]}}],"collection":[{"href":"https:\/\/infovera.com.ar\/web\/wp-json\/wp\/v2\/posts"}],"about":[{"href":"https:\/\/infovera.com.ar\/web\/wp-json\/wp\/v2\/types\/post"}],"author":[{"embeddable":true,"href":"https:\/\/infovera.com.ar\/web\/wp-json\/wp\/v2\/users\/3"}],"replies":[{"embeddable":true,"href":"https:\/\/infovera.com.ar\/web\/wp-json\/wp\/v2\/comments?post=53930"}],"version-history":[{"count":0,"href":"https:\/\/infovera.com.ar\/web\/wp-json\/wp\/v2\/posts\/53930\/revisions"}],"wp:featuredmedia":[{"embeddable":true,"href":"https:\/\/infovera.com.ar\/web\/wp-json\/wp\/v2\/media\/51452"}],"wp:attachment":[{"href":"https:\/\/infovera.com.ar\/web\/wp-json\/wp\/v2\/media?parent=53930"}],"wp:term":[{"taxonomy":"category","embeddable":true,"href":"https:\/\/infovera.com.ar\/web\/wp-json\/wp\/v2\/categories?post=53930"},{"taxonomy":"post_tag","embeddable":true,"href":"https:\/\/infovera.com.ar\/web\/wp-json\/wp\/v2\/tags?post=53930"}],"curies":[{"name":"wp","href":"https:\/\/api.w.org\/{rel}","templated":true}]}}