{"id":53901,"date":"2024-08-02T09:43:34","date_gmt":"2024-08-02T12:43:34","guid":{"rendered":"https:\/\/infovera.com.ar\/web\/?p=53901"},"modified":"2024-08-02T09:43:34","modified_gmt":"2024-08-02T12:43:34","slug":"a-punaladas-cascotazos-y-palazos-atacaron-a-policias-en-avellaneda","status":"publish","type":"post","link":"https:\/\/infovera.com.ar\/web\/2024\/08\/02\/a-punaladas-cascotazos-y-palazos-atacaron-a-policias-en-avellaneda\/","title":{"rendered":"A pu\u00f1aladas, cascotazos y palazos atacaron a polic\u00edas en Avellaneda"},"content":{"rendered":"<p>Pasadas las 21:30 del jueves, vecinos solicitaron la presencia policial en Calle 105 al 856 del Barrio Belgrano de Avellaneda por un problema familiar; reportaron que hab\u00eda ruidos molestos y estaban arrojando cascotes. Personal del Destacamento XIV de dicho barrio se hizo presente en el lugar y entrevist\u00f3 a un vecino que sindic\u00f3 a los involucrados, al fondo del terreno.<\/p>\n<p>Cuando los uniformados llegaron al lugar fueron insultados y atacados, en ese momento fueron apu\u00f1alados el subinspector Alexis Ram\u00edrez y al suboficial Francisco Gonz\u00e1lez. Mientras que la subinspectora Mirian G\u00f3mez, subjefe del Destacamento, recibi\u00f3 un ataque por parte de una mujer que la atac\u00f3 con un palo, d\u00e1ndole varios golpes en su cabeza. No conforme con esto, atacar el m\u00f3vil policial del Comando Avellaneda que fue vandalizado.<\/p>\n<p>Aprehendidos<\/p>\n<p>Pedro P. N., de 32 a\u00f1os, domiciliado en el Barrio La Roseta; y Bernardi E. B., de 31 a\u00f1os, con domicilio en calle 105 al 860, quedaron aprehendidos y apuntados como agresores de los uniformados.<\/p>\n<p>Tras la aprehensi\u00f3n, los polic\u00edas tuvieron que salir raudamente del barrio, ya que algunos vecinos les arrojaban elementos; y teniendo en cuenta que hab\u00eda personal herido, se prioriz\u00f3 la atenci\u00f3n m\u00e9dica de los mismos. Se secuestr\u00f3 dos cuchillos tipo de cocina, con cabo de color blanco, uno con una hoja de 25 cm y otro con 16 cm de hoja; y se prosiguen con las diligencias para dar con otros involucrados.<\/p>\n<p>Se dio conocimiento al fiscal de turno, Dr. Juan Sebasti\u00e1n Marichal, y al defensor p\u00fablico, Dr. Orlando Toniolo, labr\u00e1ndose actuaciones caratuladas a prima facie &#8220;atentado y resistencia a la autoridad calificada y da\u00f1o calificado&#8221;.<\/p>\n","protected":false},"excerpt":{"rendered":"<p>Pasadas las 21:30 del jueves, vecinos solicitaron la presencia policial en Calle 105 al 856 del Barrio Belgrano de Avellaneda por un problema familiar; reportaron que hab\u00eda ruidos molestos y estaban arrojando cascotes. Personal del Destacamento XIV de dicho barrio se hizo presente en el lugar y entrevist\u00f3 a un vecino que sindic\u00f3 a los [&hellip;]<\/p>\n","protected":false},"author":3,"featured_media":53902,"comment_status":"closed","ping_status":"closed","sticky":false,"template":"","format":"standard","meta":{"_joinchat":[],"footnotes":""},"categories":[30,61],"tags":[],"class_list":{"0":"post-53901","1":"post","2":"type-post","3":"status-publish","4":"format-standard","5":"has-post-thumbnail","7":"category-policiales","8":"category-regionales"},"_links":{"self":[{"href":"https:\/\/infovera.com.ar\/web\/wp-json\/wp\/v2\/posts\/53901","targetHints":{"allow":["GET"]}}],"collection":[{"href":"https:\/\/infovera.com.ar\/web\/wp-json\/wp\/v2\/posts"}],"about":[{"href":"https:\/\/infovera.com.ar\/web\/wp-json\/wp\/v2\/types\/post"}],"author":[{"embeddable":true,"href":"https:\/\/infovera.com.ar\/web\/wp-json\/wp\/v2\/users\/3"}],"replies":[{"embeddable":true,"href":"https:\/\/infovera.com.ar\/web\/wp-json\/wp\/v2\/comments?post=53901"}],"version-history":[{"count":0,"href":"https:\/\/infovera.com.ar\/web\/wp-json\/wp\/v2\/posts\/53901\/revisions"}],"wp:featuredmedia":[{"embeddable":true,"href":"https:\/\/infovera.com.ar\/web\/wp-json\/wp\/v2\/media\/53902"}],"wp:attachment":[{"href":"https:\/\/infovera.com.ar\/web\/wp-json\/wp\/v2\/media?parent=53901"}],"wp:term":[{"taxonomy":"category","embeddable":true,"href":"https:\/\/infovera.com.ar\/web\/wp-json\/wp\/v2\/categories?post=53901"},{"taxonomy":"post_tag","embeddable":true,"href":"https:\/\/infovera.com.ar\/web\/wp-json\/wp\/v2\/tags?post=53901"}],"curies":[{"name":"wp","href":"https:\/\/api.w.org\/{rel}","templated":true}]}}