{"id":53889,"date":"2024-08-01T19:17:41","date_gmt":"2024-08-01T22:17:41","guid":{"rendered":"https:\/\/infovera.com.ar\/web\/?p=53889"},"modified":"2024-08-01T19:17:41","modified_gmt":"2024-08-01T22:17:41","slug":"habilitaron-la-caza-de-especies-exoticas-en-la-provincia","status":"publish","type":"post","link":"https:\/\/infovera.com.ar\/web\/2024\/08\/01\/habilitaron-la-caza-de-especies-exoticas-en-la-provincia\/","title":{"rendered":"Habilitaron la caza\u00a0de especies ex\u00f3ticas en la provincia"},"content":{"rendered":"<p>El Ministerio de Ambiente y Cambio Clim\u00e1tico dict\u00f3 la Resoluci\u00f3n N\u00b0 213, publicada en el Bolet\u00edn oficial, por la cual deroga la Resoluci\u00f3n 204\/17.<\/p>\n<p>Las especies habilitas para su control son las siguientes Especies Ex\u00f3ticas Invasoras (EEI) y Especies Ex\u00f3ticas Potencialmente Invasoras (EEPI): jabal\u00ed o chancho cimarr\u00f3n (Sus scrofa), ciervo dama (Dama), ciervo axis (Ax\u00eds axis), ciervo rojo (Cervus elaphus), ant\u00edlope (Ant\u00edlope cervicapra), b\u00fafalo de agua (Bubalus bubalis), carnero salvaje (Ov\u00eds sp.), cabras salvajes (Capra hisp\u00e1nica y Capra sp.) y moufl\u00f3n (Ovis musimon).<\/p>\n<p>Proh\u00edbe, adem\u00e1s, la instalaci\u00f3n de nuevos criaderos, acopios y muestrarios de las especies detalladas en el art\u00edculo precedente, como de las especies incluidas en la lista oficial de Especies Ex\u00f3ticas Invasoras (EEI) y de Especies Ex\u00f3ticas Potencialmente Invasoras (EEPI). Asimismo, el propietario de criaderos, acopios y muestrarios de las especies detalladas, existentes a la fecha, ser\u00e1 responsable por los da\u00f1os producidos al ambiente y\/o terceros originados por el escape de ejemplares, conforme a la normativa legal vigente.<\/p>\n<p>Sin l\u00edmite<\/p>\n<p>Aclara que la caza de las especies detalladas en la presente se podr\u00e1 practicar sin l\u00edmite de piezas y en cualquier \u00e9poca del a\u00f1o. Quedan exceptuados los Departamentos La Capital, Rosario y San Lorenzo; salvo permiso especial expedido por la Direcci\u00f3n General de Manejo Sustentable de Fauna. \u00c1reas Naturales Protegidas comprendidas en el sistema establecido por la Ley Provincial N\u00b0 12.175<\/p>\n<p>La presente Resoluci\u00f3n dispone que la caza de las especies consignadas en la presente deber\u00e1n ser realizadas por personas mayores de 18 a\u00f1os, munidos de la correspondiente licencia de caza habilitante expedida por el Ministerio de Ambiente y Cambio Clim\u00e1tico. Pudi\u00e9ndose practicar la caza de estas, sin l\u00edmites de piezas y en cualquier \u00e9poca del a\u00f1o, obligando al cazador a agotar todos los medios a su alcance para hallar y dar muerte a la pieza que hubiere herido, recolectando todas las piezas abatidas.<\/p>\n<p>En el caso de los ocupantes legales de inmuebles rurales con presencia de ejemplares de las Especies Ex\u00f3ticas Invasoras y las Potencialmente Invasoras que figuran en la presente norma a combatirlas por medio de la caza, por si o autorizando a terceros personas, en cuyo caso deber\u00e1 otorgar la autorizaci\u00f3n por escrito, que junto a la licencia habilitante ser\u00e1n los \u00fanicos documentos exigibles para el tr\u00e1nsito dentro de la Provincia de Santa Fe.<\/p>\n","protected":false},"excerpt":{"rendered":"<p>El Ministerio de Ambiente y Cambio Clim\u00e1tico dict\u00f3 la Resoluci\u00f3n N\u00b0 213, publicada en el Bolet\u00edn oficial, por la cual deroga la Resoluci\u00f3n 204\/17. Las especies habilitas para su control son las siguientes Especies Ex\u00f3ticas Invasoras (EEI) y Especies Ex\u00f3ticas Potencialmente Invasoras (EEPI): jabal\u00ed o chancho cimarr\u00f3n (Sus scrofa), ciervo dama (Dama), ciervo axis (Ax\u00eds [&hellip;]<\/p>\n","protected":false},"author":3,"featured_media":53890,"comment_status":"closed","ping_status":"closed","sticky":false,"template":"","format":"standard","meta":{"_joinchat":[],"footnotes":""},"categories":[60],"tags":[],"class_list":{"0":"post-53889","1":"post","2":"type-post","3":"status-publish","4":"format-standard","5":"has-post-thumbnail","7":"category-provinciales"},"_links":{"self":[{"href":"https:\/\/infovera.com.ar\/web\/wp-json\/wp\/v2\/posts\/53889","targetHints":{"allow":["GET"]}}],"collection":[{"href":"https:\/\/infovera.com.ar\/web\/wp-json\/wp\/v2\/posts"}],"about":[{"href":"https:\/\/infovera.com.ar\/web\/wp-json\/wp\/v2\/types\/post"}],"author":[{"embeddable":true,"href":"https:\/\/infovera.com.ar\/web\/wp-json\/wp\/v2\/users\/3"}],"replies":[{"embeddable":true,"href":"https:\/\/infovera.com.ar\/web\/wp-json\/wp\/v2\/comments?post=53889"}],"version-history":[{"count":0,"href":"https:\/\/infovera.com.ar\/web\/wp-json\/wp\/v2\/posts\/53889\/revisions"}],"wp:featuredmedia":[{"embeddable":true,"href":"https:\/\/infovera.com.ar\/web\/wp-json\/wp\/v2\/media\/53890"}],"wp:attachment":[{"href":"https:\/\/infovera.com.ar\/web\/wp-json\/wp\/v2\/media?parent=53889"}],"wp:term":[{"taxonomy":"category","embeddable":true,"href":"https:\/\/infovera.com.ar\/web\/wp-json\/wp\/v2\/categories?post=53889"},{"taxonomy":"post_tag","embeddable":true,"href":"https:\/\/infovera.com.ar\/web\/wp-json\/wp\/v2\/tags?post=53889"}],"curies":[{"name":"wp","href":"https:\/\/api.w.org\/{rel}","templated":true}]}}