{"id":53881,"date":"2024-08-01T17:31:51","date_gmt":"2024-08-01T20:31:51","guid":{"rendered":"https:\/\/infovera.com.ar\/web\/?p=53881"},"modified":"2024-08-02T19:49:11","modified_gmt":"2024-08-02T22:49:11","slug":"marcucci-visito-la-obra-de-la-estacion-transformadora-de-vera","status":"publish","type":"post","link":"https:\/\/infovera.com.ar\/web\/2024\/08\/01\/marcucci-visito-la-obra-de-la-estacion-transformadora-de-vera\/","title":{"rendered":"Marcucci visit\u00f3 la obra de la Estaci\u00f3n Transformadora de Vera"},"content":{"rendered":"<p>Estar\u00eda funcionando en noviembre<\/p>\n<p>El presidente de la Empresa Provincial de la Energ\u00eda, Hugo Marcucci, acompa\u00f1ado por otros integrantes del directorio fue recibido por la intendente Paula Mitre y el senador Osvaldo Sosa, juntos recorrieron las instalaciones de esta obra emblem\u00e1tica para los verense cuya instalaci\u00f3n tuvo continuidad y estar\u00eda en funciones en el mes de noviembre, seg\u00fan se adelant\u00f3.<\/p>\n<p>La intendente Mitre destac\u00f3 esta \u201cvisita tan esperada a una obra hist\u00f3rica tan deseada por todos los verenses que marcar\u00e1 un antes y un despu\u00e9s en toda la regi\u00f3n\u201d.<\/p>\n<p>\u201cEs una obra que nos lleva a un futuro mejor, generando arraigo para nuestros j\u00f3venes, porque sin energ\u00eda es imposible aspirar a un desarrollo productivo y al fortalecimiento de una actividad privada que es la que genera empleo genuino\u201d, agreg\u00f3.<\/p>\n<p>Se mostr\u00f3 \u201cencantada de recibir a los directivos de la EPE, adem\u00e1s del acompa\u00f1amiento del senador Osvaldo Sosa y los principales referentes de la zona con quienes compartimos las expectativas que ha motivado la pr\u00f3xima culminaci\u00f3n de esta obra\u201d.<\/p>\n<p>Al agradecimiento por la presencia de los funcionarios sum\u00f3 uno especial para el gobernador Maximiliano Pillarlo que tom\u00f3 la decisi\u00f3n pol\u00edtica de darle continuidad a esta obra.<\/p>\n<p>El senador Osvaldo Sosa resalt\u00f3 que \u201ceste proyecto que viene de la gesti\u00f3n anterior no se ha detenido en el tiempo y la puesta en funcionamiento en el futuro cercano es un sue\u00f1o que se est\u00e1 cumpliendo\u201d.<\/p>\n<p>El presidente de la EPE, Hugo Marcucci, destac\u00f3 el acompa\u00f1amiento del senador Sosa y la intendente Mitre en cuanto a remarcar \u201cla necesidad de esta obra que estimamos podr\u00eda estar a pleno en el mes de noviembre\u201d.<\/p>\n<p>\u201cEn un contexto donde la obra p\u00fablica de la naci\u00f3n est\u00e1 pr\u00e1cticamente paralizada, este gobierno no solamente decidi\u00f3 seguir adelante sino que redobl\u00f3 la inversi\u00f3n y el esfuerzo para tener una obra para 50 a\u00f1os, que permitir\u00e1 el asentamiento, la radicaci\u00f3n y expansi\u00f3n industrial que potenciar\u00e1n el desarrollo de la regi\u00f3n, especialmente en este norte tan necesitado de infraestructura\u201d, concluy\u00f3.<\/p>\n<p>En cuanto a la parte t\u00e9cnica el director de proyectos, Ariel Bonassi, reconoci\u00f3 la predisposici\u00f3n de la UTE para continuar con la obra pese a las dificultades econ\u00f3micas y detall\u00f3 que en la etapa inicial se duplicar\u00e1 la capacidad actual que es de 17 MVA, dado que se instalar\u00e1n dos transformadores de 15 MVA, pero la capacidad final ser\u00e1 de 80 MVA.<\/p>\n<p>En cuanto al origen de la energ\u00eda que llegar\u00e1 a Vera, es Romang, desde donde sale con 132 MVA, se reduce a 33 para luego convertirse en 13,2 para su distribuci\u00f3n al usuario.<\/p>\n<p>\u201cLa l\u00ednea de 33 ser\u00e1 la que impactar\u00e1 en la regi\u00f3n llevando energ\u00eda a otros distritos como el caso de Fort\u00edn Olmos que ya est\u00e1 en estudio para la segunda etapa\u201d<\/p>\n<p>Esta noticia fue recibida de buen grado por el senador Sosa quien remarc\u00f3 la necesidad de esta poblaci\u00f3n que desde hace mucho tiempo viene sufriendo la carencia del servicio.<\/p>\n<p>Integr\u00f3 la comitiva los directores Rub\u00e9n Allegranza, Hugo Novero y Pablo Colla, adem\u00e1s del diputado Dionisio Scarp\u00edn y el jefe de la Sucursal Reconquista Diego Alonso, representantes de la UTE, entre la titular de Proyecci\u00f3n Electroluz, Graciela Faccioli, entre otros referentes locales.<\/p>\n<p><a href=\"https:\/\/infovera.com.ar\/web\/wp-content\/uploads\/2024\/08\/2-2.jpeg\"><img loading=\"lazy\" decoding=\"async\" class=\"alignleft size-full wp-image-53883\" src=\"https:\/\/infovera.com.ar\/web\/wp-content\/uploads\/2024\/08\/2-2.jpeg\" alt=\"\" width=\"1440\" height=\"1057\" srcset=\"https:\/\/infovera.com.ar\/web\/wp-content\/uploads\/2024\/08\/2-2.jpeg 1440w, https:\/\/infovera.com.ar\/web\/wp-content\/uploads\/2024\/08\/2-2-696x511.jpeg 696w, https:\/\/infovera.com.ar\/web\/wp-content\/uploads\/2024\/08\/2-2-1068x784.jpeg 1068w, https:\/\/infovera.com.ar\/web\/wp-content\/uploads\/2024\/08\/2-2-572x420.jpeg 572w, https:\/\/infovera.com.ar\/web\/wp-content\/uploads\/2024\/08\/2-2-80x60.jpeg 80w\" sizes=\"auto, (max-width: 1440px) 100vw, 1440px\" \/><\/a><\/p>\n<p>Letyana Press<\/p>\n","protected":false},"excerpt":{"rendered":"<p>Estar\u00eda funcionando en noviembre El presidente de la Empresa Provincial de la Energ\u00eda, Hugo Marcucci, acompa\u00f1ado por otros integrantes del directorio fue recibido por la intendente Paula Mitre y el senador Osvaldo Sosa, juntos recorrieron las instalaciones de esta obra emblem\u00e1tica para los verense cuya instalaci\u00f3n tuvo continuidad y estar\u00eda en funciones en el mes [&hellip;]<\/p>\n","protected":false},"author":3,"featured_media":53882,"comment_status":"closed","ping_status":"closed","sticky":false,"template":"","format":"standard","meta":{"_joinchat":[],"footnotes":""},"categories":[53],"tags":[],"class_list":{"0":"post-53881","1":"post","2":"type-post","3":"status-publish","4":"format-standard","5":"has-post-thumbnail","7":"category-vera"},"_links":{"self":[{"href":"https:\/\/infovera.com.ar\/web\/wp-json\/wp\/v2\/posts\/53881","targetHints":{"allow":["GET"]}}],"collection":[{"href":"https:\/\/infovera.com.ar\/web\/wp-json\/wp\/v2\/posts"}],"about":[{"href":"https:\/\/infovera.com.ar\/web\/wp-json\/wp\/v2\/types\/post"}],"author":[{"embeddable":true,"href":"https:\/\/infovera.com.ar\/web\/wp-json\/wp\/v2\/users\/3"}],"replies":[{"embeddable":true,"href":"https:\/\/infovera.com.ar\/web\/wp-json\/wp\/v2\/comments?post=53881"}],"version-history":[{"count":0,"href":"https:\/\/infovera.com.ar\/web\/wp-json\/wp\/v2\/posts\/53881\/revisions"}],"wp:featuredmedia":[{"embeddable":true,"href":"https:\/\/infovera.com.ar\/web\/wp-json\/wp\/v2\/media\/53882"}],"wp:attachment":[{"href":"https:\/\/infovera.com.ar\/web\/wp-json\/wp\/v2\/media?parent=53881"}],"wp:term":[{"taxonomy":"category","embeddable":true,"href":"https:\/\/infovera.com.ar\/web\/wp-json\/wp\/v2\/categories?post=53881"},{"taxonomy":"post_tag","embeddable":true,"href":"https:\/\/infovera.com.ar\/web\/wp-json\/wp\/v2\/tags?post=53881"}],"curies":[{"name":"wp","href":"https:\/\/api.w.org\/{rel}","templated":true}]}}