{"id":53879,"date":"2024-08-01T17:24:15","date_gmt":"2024-08-01T20:24:15","guid":{"rendered":"https:\/\/infovera.com.ar\/web\/?p=53879"},"modified":"2024-08-02T10:15:19","modified_gmt":"2024-08-02T13:15:19","slug":"nuevos-servicios-del-transporte-publico-en-el-corredor-pedro-gomez-cello-y-calchaqui","status":"publish","type":"post","link":"https:\/\/infovera.com.ar\/web\/2024\/08\/01\/nuevos-servicios-del-transporte-publico-en-el-corredor-pedro-gomez-cello-y-calchaqui\/","title":{"rendered":"Nuevos servicios del transporte p\u00fablico en el corredor Pedro G\u00f3mez Cello y Calchaqu\u00ed"},"content":{"rendered":"<p>Estar\u00e1n activos desde el lunes 5 de agosto para el transporte p\u00fablico de pasajeros en el corredor que conecta los departamentos San Justo y Vera.<\/p>\n<p>El Ministerio de Desarrollo Productivo, a trav\u00e9s de la Secretar\u00eda de Transporte y Log\u00edstica, informa que desde el lunes 5 de agosto se agregan nuevos horarios y servicios para el transporte p\u00fablico de pasajeros en el corredor Pedro G\u00f3mez Cello y Calchaqu\u00ed, que conecta los departamentos San Justo y Vera.<\/p>\n<p>Esta resoluci\u00f3n es el resultado de la gesti\u00f3n del Gobierno de la Provincia a trav\u00e9s de su cartera productiva: \u201cEstamos trabajando en fortalecer el servicio de transporte en toda la provincia y en brindar m\u00e1s y mejores opciones de traslado a los pasajeros\u201d, indic\u00f3 la secretaria de Transporte y Log\u00edstica, Renata Ghilotti.<\/p>\n<p>En este caso, atendiendo los pedidos de la comunidad educativa del Instituto Terciario de Formaci\u00f3n Docente de Calchaqu\u00ed, la cartera provincial de Transporte decidi\u00f3 sumar horarios en los turnos tarde y noche con dos nuevos coches para esa franja horaria: \u201cSeguimos avanzando para mejorar la conectividad a trav\u00e9s del servicio de colectivos. Junto con los representantes pol\u00edticos de cada departamento escuchamos todas las demandas de la ciudadan\u00eda para poder seguir brindando soluciones concretas\u201d, agreg\u00f3 Ghilotti.<\/p>\n<p>Por su parte, Jos\u00e9 Roura, director de Transporte de Pasajeros, coment\u00f3 al respecto que \u201cel presidente comunal de Calchaqu\u00ed junto a los estudiantes elevaron el reclamo y se logr\u00f3 incorporar una nueva parada para un recorrido ya existente de la empresa El Norte, el cual cubre el tramo en cuesti\u00f3n\u201d.<\/p>\n<p>Los horarios ser\u00e1n a las 16.30 desde Pedro G\u00f3mez Cello y a las 23.15 desde Calchaqu\u00ed.<\/p>\n","protected":false},"excerpt":{"rendered":"<p>Estar\u00e1n activos desde el lunes 5 de agosto para el transporte p\u00fablico de pasajeros en el corredor que conecta los departamentos San Justo y Vera. El Ministerio de Desarrollo Productivo, a trav\u00e9s de la Secretar\u00eda de Transporte y Log\u00edstica, informa que desde el lunes 5 de agosto se agregan nuevos horarios y servicios para el [&hellip;]<\/p>\n","protected":false},"author":3,"featured_media":51222,"comment_status":"closed","ping_status":"closed","sticky":false,"template":"","format":"standard","meta":{"_joinchat":[],"footnotes":""},"categories":[52],"tags":[],"class_list":{"0":"post-53879","1":"post","2":"type-post","3":"status-publish","4":"format-standard","5":"has-post-thumbnail","7":"category-calchaqui"},"_links":{"self":[{"href":"https:\/\/infovera.com.ar\/web\/wp-json\/wp\/v2\/posts\/53879","targetHints":{"allow":["GET"]}}],"collection":[{"href":"https:\/\/infovera.com.ar\/web\/wp-json\/wp\/v2\/posts"}],"about":[{"href":"https:\/\/infovera.com.ar\/web\/wp-json\/wp\/v2\/types\/post"}],"author":[{"embeddable":true,"href":"https:\/\/infovera.com.ar\/web\/wp-json\/wp\/v2\/users\/3"}],"replies":[{"embeddable":true,"href":"https:\/\/infovera.com.ar\/web\/wp-json\/wp\/v2\/comments?post=53879"}],"version-history":[{"count":0,"href":"https:\/\/infovera.com.ar\/web\/wp-json\/wp\/v2\/posts\/53879\/revisions"}],"wp:featuredmedia":[{"embeddable":true,"href":"https:\/\/infovera.com.ar\/web\/wp-json\/wp\/v2\/media\/51222"}],"wp:attachment":[{"href":"https:\/\/infovera.com.ar\/web\/wp-json\/wp\/v2\/media?parent=53879"}],"wp:term":[{"taxonomy":"category","embeddable":true,"href":"https:\/\/infovera.com.ar\/web\/wp-json\/wp\/v2\/categories?post=53879"},{"taxonomy":"post_tag","embeddable":true,"href":"https:\/\/infovera.com.ar\/web\/wp-json\/wp\/v2\/tags?post=53879"}],"curies":[{"name":"wp","href":"https:\/\/api.w.org\/{rel}","templated":true}]}}