{"id":53867,"date":"2024-08-01T12:53:34","date_gmt":"2024-08-01T15:53:34","guid":{"rendered":"https:\/\/infovera.com.ar\/web\/?p=53867"},"modified":"2024-08-01T12:53:34","modified_gmt":"2024-08-01T15:53:34","slug":"el-mpa-implementa-el-rediseno-del-registro-de-ingresos-y-de-la-gestion-estrategica-de-la-carga-de-trabajo","status":"publish","type":"post","link":"https:\/\/infovera.com.ar\/web\/2024\/08\/01\/el-mpa-implementa-el-rediseno-del-registro-de-ingresos-y-de-la-gestion-estrategica-de-la-carga-de-trabajo\/","title":{"rendered":"El MPA implementa el redise\u00f1o del registro de ingresos y de la gesti\u00f3n estrat\u00e9gica de la carga de trabajo"},"content":{"rendered":"<p>La Fiscal General encabez\u00f3 dos reuniones de trabajo y capacitaci\u00f3n relacionadas al tema. Participaron los cinco Fiscales Regionales, funcionarios del MPA de toda la provincia y el equipo de \u00d3rganos de apoyo de la Fiscal\u00eda General. La iniciativa es una de las prioridades de gesti\u00f3n y busca optimizar el funcionamiento de la instituci\u00f3n.<\/p>\n<p>La Fiscal General, Mar\u00eda Cecilia Vranicich, encabez\u00f3 dos reuniones de trabajo y capacitaci\u00f3n en el marco del proceso de redise\u00f1o del registro de ingresos y de la gesti\u00f3n estrat\u00e9gica de la carga de trabajo que se viene implementando en el MPA.<\/p>\n<p>Los encuentros se llevaron a cabo en la ciudad de Santa Fe y en Rosario, y contaron con la participaci\u00f3n de Fiscales Regionales, Secretarios Regionales, Subsecretarios Regionales, Subsecretarios de Persecuci\u00f3n Penal y Secretarios de Gesti\u00f3n Administrativa y Procesal de las cinco Fiscal\u00edas Regionales y el equipo de \u00d3rganos de Apoyo de la Fiscal\u00eda General.<\/p>\n<p>Vranicich destac\u00f3 que \u201ctal como lo venimos planteando desde que asumimos al frente del MPA, este plan de redise\u00f1o del registro de los ingresos y del abordaje inteligente de la carga de trabajo en la persecuci\u00f3n penal es una de las prioridades de la gesti\u00f3n\u201d. En tal sentido, sostuvo que \u201cel objetivo es optimizar el funcionamiento de la instituci\u00f3n a partir de una nueva forma de registro y categorizaci\u00f3n de ingresos de las causas al sistema Heimdall, lo cual permitir\u00e1 gestionar de modo estrat\u00e9gico la carga de trabajo de los fiscales del MPA y construir indicadores precisos\u201d.<\/p>\n<p>Al explicar c\u00f3mo funcionar\u00e1 el nuevo sistema, la Fiscal General precis\u00f3 que \u201ca partir de ahora se identificar\u00e1 como\u00a0&#8216;Requerimiento&#8217;\u00a0a todas las denuncias, peticiones o presentaciones que se presenten o ingresen al MPA bajo cualquier modalidad de atenci\u00f3n al p\u00fablico (presencial, electr\u00f3nica y\/o telef\u00f3nica)\u201d. En tal sentido, la titular del MPA advirti\u00f3 que \u201cde esta manera, la etiqueta de Clave \u00danica de Identificaci\u00f3n Jur\u00eddica (CUIJ) quedar\u00e1 reservada solo para las investigaciones penales de delitos\u201d.<\/p>\n<p>\u201cPara poder implementar todos estos cambios, la Direcci\u00f3n de Sistemas de Informaci\u00f3n e Infraestructura Tecnol\u00f3gica del MPA debi\u00f3 realizar modificaciones en el sistema de legajos Heimdall\u201d, remarc\u00f3 la Fiscal General, y agreg\u00f3 que \u201ccomo plan piloto, se puso en marcha esta modalidad estrat\u00e9gica de carga y registro para el Equipo de Trabajo de Microtr\u00e1fico\u201d.<\/p>\n<p>Vranicich tambi\u00e9n hizo hincapi\u00e9 en que \u201cen ese plan piloto se puso en uso el m\u00f3dulo denominado Heimdall Analytics, que se utilizar\u00e1 para an\u00e1lisis de la informaci\u00f3n registrada en los requerimientos\u201d.<\/p>\n","protected":false},"excerpt":{"rendered":"<p>La Fiscal General encabez\u00f3 dos reuniones de trabajo y capacitaci\u00f3n relacionadas al tema. Participaron los cinco Fiscales Regionales, funcionarios del MPA de toda la provincia y el equipo de \u00d3rganos de apoyo de la Fiscal\u00eda General. La iniciativa es una de las prioridades de gesti\u00f3n y busca optimizar el funcionamiento de la instituci\u00f3n. La Fiscal [&hellip;]<\/p>\n","protected":false},"author":3,"featured_media":53868,"comment_status":"closed","ping_status":"closed","sticky":false,"template":"","format":"standard","meta":{"_joinchat":[],"footnotes":""},"categories":[60],"tags":[],"class_list":{"0":"post-53867","1":"post","2":"type-post","3":"status-publish","4":"format-standard","5":"has-post-thumbnail","7":"category-provinciales"},"_links":{"self":[{"href":"https:\/\/infovera.com.ar\/web\/wp-json\/wp\/v2\/posts\/53867","targetHints":{"allow":["GET"]}}],"collection":[{"href":"https:\/\/infovera.com.ar\/web\/wp-json\/wp\/v2\/posts"}],"about":[{"href":"https:\/\/infovera.com.ar\/web\/wp-json\/wp\/v2\/types\/post"}],"author":[{"embeddable":true,"href":"https:\/\/infovera.com.ar\/web\/wp-json\/wp\/v2\/users\/3"}],"replies":[{"embeddable":true,"href":"https:\/\/infovera.com.ar\/web\/wp-json\/wp\/v2\/comments?post=53867"}],"version-history":[{"count":0,"href":"https:\/\/infovera.com.ar\/web\/wp-json\/wp\/v2\/posts\/53867\/revisions"}],"wp:featuredmedia":[{"embeddable":true,"href":"https:\/\/infovera.com.ar\/web\/wp-json\/wp\/v2\/media\/53868"}],"wp:attachment":[{"href":"https:\/\/infovera.com.ar\/web\/wp-json\/wp\/v2\/media?parent=53867"}],"wp:term":[{"taxonomy":"category","embeddable":true,"href":"https:\/\/infovera.com.ar\/web\/wp-json\/wp\/v2\/categories?post=53867"},{"taxonomy":"post_tag","embeddable":true,"href":"https:\/\/infovera.com.ar\/web\/wp-json\/wp\/v2\/tags?post=53867"}],"curies":[{"name":"wp","href":"https:\/\/api.w.org\/{rel}","templated":true}]}}