{"id":53860,"date":"2024-08-01T11:15:33","date_gmt":"2024-08-01T14:15:33","guid":{"rendered":"https:\/\/infovera.com.ar\/web\/?p=53860"},"modified":"2024-08-01T14:08:23","modified_gmt":"2024-08-01T17:08:23","slug":"se-viene-un-finde-a-pleno-futbol-en-la-liga-verense","status":"publish","type":"post","link":"https:\/\/infovera.com.ar\/web\/2024\/08\/01\/se-viene-un-finde-a-pleno-futbol-en-la-liga-verense\/","title":{"rendered":"Se viene un finde a pleno f\u00fatbol en la Liga Verense"},"content":{"rendered":"<p>Se viene un s\u00e1bado y domingo a puro f\u00fatbol en las 4 zonas de la LVF y as\u00ed quedaron diagramados con los d\u00edas y horarios los partidos con su zona.<\/p>\n<p><strong>S\u00c1BADO 3\/8\/24<\/strong><\/p>\n<p><strong>1era. Fecha<\/strong><\/p>\n<p><span style=\"font-weight: bold;\">Zona B <\/span><\/p>\n<p>Hurac\u00e1n LC vs. FCR Belgrano<\/p>\n<p><strong>Zona C<\/strong><br \/>\nCarlos Gardel vs. Mitre<\/p>\n<p><strong>Zona D<\/strong><br \/>\nGimnasia vs. F. Olmos<\/p>\n<p>Horarios 3era. Divisi\u00f3n 14hs y 1era. Divisi\u00f3n 15\u2074\u2075hs.<\/p>\n<p><strong>DOMINGO 4\/8\/24<\/strong><\/p>\n<p><span style=\"font-weight: bold;\">1era. Fecha<\/span><\/p>\n<p><strong>Zona A\u00a0<\/strong><\/p>\n<p>Dep. Alejandra vs. Hurac\u00e1n SJ<\/p>\n<p>Los Pumitas vs. Central SJ<\/p>\n<p><strong>Zona B<\/strong><\/p>\n<p>Giuliani vs. Uni\u00f3n<\/p>\n<p><strong>Zona C<\/strong><br \/>\nCalchaqu\u00ed vs. Sarmiento<\/p>\n<p><strong>Zona D &#8211; 2da. Fecha<\/strong><\/p>\n<p>Ferro vs. Hurac\u00e1n<\/p>\n<p>Horarios 3era. Divisi\u00f3n 13\u00b3\u2070hs y 1era. Divisi\u00f3n 15\u00b2\u2070hs.<\/p>\n<p>Este \u00faltimo partido es el cl\u00e1sico m\u00e1s antiguo de la LVF y vos lo viv\u00eds por ac\u00e1&#8230;<\/p>\n","protected":false},"excerpt":{"rendered":"<p>Se viene un s\u00e1bado y domingo a puro f\u00fatbol en las 4 zonas de la LVF y as\u00ed quedaron diagramados con los d\u00edas y horarios los partidos con su zona. S\u00c1BADO 3\/8\/24 1era. Fecha Zona B Hurac\u00e1n LC vs. FCR Belgrano Zona C Carlos Gardel vs. Mitre Zona D Gimnasia vs. F. Olmos Horarios 3era. [&hellip;]<\/p>\n","protected":false},"author":3,"featured_media":53168,"comment_status":"closed","ping_status":"closed","sticky":false,"template":"","format":"standard","meta":{"_joinchat":[],"footnotes":""},"categories":[31,35,53],"tags":[],"class_list":{"0":"post-53860","1":"post","2":"type-post","3":"status-publish","4":"format-standard","5":"has-post-thumbnail","7":"category-deportes","8":"category-futbol","9":"category-vera"},"_links":{"self":[{"href":"https:\/\/infovera.com.ar\/web\/wp-json\/wp\/v2\/posts\/53860","targetHints":{"allow":["GET"]}}],"collection":[{"href":"https:\/\/infovera.com.ar\/web\/wp-json\/wp\/v2\/posts"}],"about":[{"href":"https:\/\/infovera.com.ar\/web\/wp-json\/wp\/v2\/types\/post"}],"author":[{"embeddable":true,"href":"https:\/\/infovera.com.ar\/web\/wp-json\/wp\/v2\/users\/3"}],"replies":[{"embeddable":true,"href":"https:\/\/infovera.com.ar\/web\/wp-json\/wp\/v2\/comments?post=53860"}],"version-history":[{"count":0,"href":"https:\/\/infovera.com.ar\/web\/wp-json\/wp\/v2\/posts\/53860\/revisions"}],"wp:featuredmedia":[{"embeddable":true,"href":"https:\/\/infovera.com.ar\/web\/wp-json\/wp\/v2\/media\/53168"}],"wp:attachment":[{"href":"https:\/\/infovera.com.ar\/web\/wp-json\/wp\/v2\/media?parent=53860"}],"wp:term":[{"taxonomy":"category","embeddable":true,"href":"https:\/\/infovera.com.ar\/web\/wp-json\/wp\/v2\/categories?post=53860"},{"taxonomy":"post_tag","embeddable":true,"href":"https:\/\/infovera.com.ar\/web\/wp-json\/wp\/v2\/tags?post=53860"}],"curies":[{"name":"wp","href":"https:\/\/api.w.org\/{rel}","templated":true}]}}